{"id":9204,"global_id":"www.amis-de-compostelle.fr\/de\/?id=9204","global_id_lineage":["www.amis-de-compostelle.fr\/de\/?id=9204"],"author":"4","status":"publish","date":"2023-04-26 17:00:00","date_utc":"2023-04-26 15:00:00","modified":"2023-04-26 17:00:00","modified_utc":"2023-04-26 15:00:00","url":"https:\/\/www.amis-de-compostelle.fr\/de\/evenement\/spektakel-die-voegel-von-compostela\/","rest_url":"https:\/\/www.amis-de-compostelle.fr\/de\/wp-json\/tribe\/events\/v1\/events\/9204","title":"Spektakel &#8211; Die V\u00f6gel von Compostela","description":"","excerpt":"","slug":"spektakel-die-voegel-von-compostela","image":{"url":"https:\/\/www.amis-de-compostelle.fr\/wp-content\/uploads\/2023\/04\/2023-05-12-DCDH-Oiseaux-Compostelle.jpeg","id":6962,"extension":"jpeg","width":905,"height":1280,"filesize":347137,"sizes":{"medium":{"width":212,"height":300,"mime-type":"image\/jpeg","filesize":22815,"url":"https:\/\/www.amis-de-compostelle.fr\/wp-content\/uploads\/2023\/04\/2023-05-12-DCDH-Oiseaux-Compostelle-212x300.jpeg"},"large":{"width":724,"height":1024,"mime-type":"image\/jpeg","filesize":151407,"url":"https:\/\/www.amis-de-compostelle.fr\/wp-content\/uploads\/2023\/04\/2023-05-12-DCDH-Oiseaux-Compostelle-724x1024.jpeg"},"thumbnail":{"width":150,"height":150,"mime-type":"image\/jpeg","filesize":10890,"url":"https:\/\/www.amis-de-compostelle.fr\/wp-content\/uploads\/2023\/04\/2023-05-12-DCDH-Oiseaux-Compostelle-150x150.jpeg"},"medium_large":{"width":768,"height":1086,"mime-type":"image\/jpeg","filesize":166192,"url":"https:\/\/www.amis-de-compostelle.fr\/wp-content\/uploads\/2023\/04\/2023-05-12-DCDH-Oiseaux-Compostelle-768x1086.jpeg"}}},"all_day":false,"start_date":"2023-05-12 19:30:00","start_date_details":{"year":"2023","month":"05","day":"12","hour":"19","minutes":"30","seconds":"00"},"end_date":"2023-05-12 22:00:00","end_date_details":{"year":"2023","month":"05","day":"12","hour":"22","minutes":"00","seconds":"00"},"utc_start_date":"2023-05-12 17:30:00","utc_start_date_details":{"year":"2023","month":"05","day":"12","hour":"17","minutes":"30","seconds":"00"},"utc_end_date":"2023-05-12 20:00:00","utc_end_date_details":{"year":"2023","month":"05","day":"12","hour":"20","minutes":"00","seconds":"00"},"timezone":"Europe\/Paris","timezone_abbr":"CEST","cost":"$8","cost_details":{"currency_symbol":"","currency_code":"","currency_position":"","values":["8"]},"website":"https:\/\/www.amis-de-compostelle.fr\/de\/evenement\/spektakel-die-voegel-von-compostela\/","show_map":true,"show_map_link":true,"hide_from_listings":false,"sticky":false,"featured":false,"categories":[{"name":"Konferenz","slug":"konferenz","term_group":0,"term_taxonomy_id":60,"taxonomy":"tribe_events_cat","description":"","parent":0,"count":29,"filter":"raw","id":60,"urls":{"self":"https:\/\/www.amis-de-compostelle.fr\/de\/wp-json\/tribe\/events\/v1\/categories\/60","collection":"https:\/\/www.amis-de-compostelle.fr\/de\/wp-json\/tribe\/events\/v1\/categories"}}],"tags":[],"venue":{"id":8978,"author":"4","status":"publish","date":"2021-04-18 22:36:13","date_utc":"2021-04-18 20:36:13","modified":"2021-04-18 22:36:13","modified_utc":"2021-04-18 20:36:13","url":"https:\/\/www.amis-de-compostelle.fr\/de\/veranstaltungsort\/kapelle-notre-dame-des-anges-im-forum-104\/","venue":"Kapelle Notre Dame des Anges im Forum 104","slug":"kapelle-notre-dame-des-anges-im-forum-104","address":"102 bis rue de Vaugirard","city":"PARIS","zip":"75006","json_ld":{"@type":"Place","name":"Kapelle Notre Dame des Anges im Forum 104","description":"","url":"","address":{"@type":"PostalAddress","streetAddress":"102 bis rue de Vaugirard","addressLocality":"PARIS","postalCode":"75006"},"telephone":"","sameAs":""},"show_map":true,"show_map_link":true,"global_id":"www.amis-de-compostelle.fr\/de\/?id=8978","global_id_lineage":["www.amis-de-compostelle.fr\/de\/?id=8978"]},"organizer":[{"id":8906,"author":"4","status":"publish","date":"2021-03-08 23:06:09","date_utc":"2021-03-08 22:06:09","modified":"2021-03-08 23:06:09","modified_utc":"2021-03-08 22:06:09","url":"https:\/\/www.amis-de-compostelle.fr\/de\/veranstalter\/die-wochenzeitung-le-pelerin-compostela-2000-die-societe-des-amis-de-saint-jacques-und-das-forum104\/","organizer":"die Wochenzeitung Le P\u00e8lerin, Compostela 2000, die Soci\u00e9t\u00e9 des Amis de Saint-Jacques und das Forum104","slug":"die-wochenzeitung-le-pelerin-compostela-2000-die-societe-des-amis-de-saint-jacques-und-das-forum104","json_ld":{"@type":"Person","name":"die Wochenzeitung Le P\u00e8lerin, Compostela 2000, die Soci\u00e9t\u00e9 des Amis de Saint-Jacques und das Forum104","description":"","url":"","telephone":"","email":"","sameAs":""},"global_id":"www.amis-de-compostelle.fr\/de\/?id=8906","global_id_lineage":["www.amis-de-compostelle.fr\/de\/?id=8906"]}],"custom_fields":[],"json_ld":{"@context":"http:\/\/schema.org","@type":"Event","name":"Spektakel &#8211; Die V\u00f6gel von Compostela","description":"&lt;p&gt;Im Rahmen der Reihe &quot;Des chemins et des hommes&quot; (Wege und Menschen), Saison 2022 SPECTACLE &quot; Les Oiseaux de Compostelle&quot; (Die V\u00f6gel von Compostelle) (in Pr\u00e4senzform) von Arnaud Pelletier &nbsp; [&hellip;]&lt;\/p&gt;\\n","image":"https:\/\/www.amis-de-compostelle.fr\/wp-content\/uploads\/2023\/04\/2023-05-12-DCDH-Oiseaux-Compostelle.jpeg","url":"https:\/\/www.amis-de-compostelle.fr\/de\/evenement\/spektakel-die-voegel-von-compostela\/","eventAttendanceMode":"https:\/\/schema.org\/OfflineEventAttendanceMode","eventStatus":"https:\/\/schema.org\/EventScheduled","startDate":"2023-05-12T19:30:00+02:00","endDate":"2023-05-12T22:00:00+02:00","location":{"@type":"Place","name":"Kapelle Notre Dame des Anges im Forum 104","description":"","url":"","address":{"@type":"PostalAddress","streetAddress":"102 bis rue de Vaugirard","addressLocality":"PARIS","postalCode":"75006"},"telephone":"","sameAs":""},"organizer":{"@type":"Person","name":"die Wochenzeitung Le P\u00e8lerin, Compostela 2000, die Soci\u00e9t\u00e9 des Amis de Saint-Jacques und das Forum104","description":"","url":"","telephone":"","email":"","sameAs":""},"offers":{"@type":"Offer","price":"8","priceCurrency":"USD","url":"https:\/\/www.amis-de-compostelle.fr\/de\/evenement\/spektakel-die-voegel-von-compostela\/","category":"primary","availability":"inStock","validFrom":"2023-04-26T00:00:00+00:00"},"performer":"Organization"}}