{"id":7922,"date":"2025-04-16T09:38:56","date_gmt":"2025-04-16T07:38:56","guid":{"rendered":"https:\/\/www.amis-de-compostelle.fr\/generalversammlung-von-compostelle-bretagne\/"},"modified":"2025-06-26T13:25:06","modified_gmt":"2025-06-26T11:25:06","slug":"generalversammlung-von-compostelle-bretagne","status":"publish","type":"post","link":"https:\/\/www.amis-de-compostelle.fr\/de\/generalversammlung-von-compostelle-bretagne\/","title":{"rendered":"Generalversammlung von Compostelle Bretagne"},"content":{"rendered":"","protected":false},"excerpt":{"rendered":"<p>Anne-Marie Podesta, unsere Vizepr\u00e4sidentin, vertrat die Soci\u00e9t\u00e9 Fran\u00e7aise des Amis de Saint Jacques de Compostelle am 8. M\u00e4rz bei der Generalversammlung dieses dynamischen Vereins, der fast 2200 Mitglieder in den f\u00fcnf bretonischen Departements z\u00e4hlt.<\/p>\n","protected":false},"author":4,"featured_media":7772,"comment_status":"open","ping_status":"open","sticky":false,"template":"","format":"standard","meta":{"_acf_changed":false,"inline_featured_image":false,"_EventAllDay":false,"_EventTimezone":"","_EventStartDate":"","_EventEndDate":"","_EventStartDateUTC":"","_EventEndDateUTC":"","_EventShowMap":false,"_EventShowMapLink":false,"_EventURL":"","_EventCost":"","_EventCostDescription":"","_EventCurrencySymbol":"","_EventCurrencyCode":"","_EventCurrencyPosition":"","_EventDateTimeSeparator":"","_EventTimeRangeSeparator":"","_EventOrganizerID":[],"_EventVenueID":[],"_OrganizerEmail":"","_OrganizerPhone":"","_OrganizerWebsite":"","_VenueAddress":"","_VenueCity":"","_VenueCountry":"","_VenueProvince":"","_VenueState":"","_VenueZip":"","_VenuePhone":"","_VenueURL":"","_VenueStateProvince":"","_VenueLat":"","_VenueLng":"","_VenueShowMap":false,"_VenueShowMapLink":false,"footnotes":""},"categories":[50],"tags":[],"class_list":["post-7922","post","type-post","status-publish","format-standard","has-post-thumbnail","hentry","category-externe-nachrichten-sfasjc"],"acf":[],"yoast_head":"<!-- This site is optimized with the Yoast SEO plugin v27.5 - https:\/\/yoast.com\/product\/yoast-seo-wordpress\/ -->\n<title>Generalversammlung von Compostelle Bretagne &#060; Soci\u00e9t\u00e9 Fran\u00e7aise des Amis de Saint-Jacques de Compostelle<\/title>\n<meta name=\"robots\" content=\"index, follow, max-snippet:-1, max-image-preview:large, max-video-preview:-1\" \/>\n<link rel=\"canonical\" href=\"https:\/\/www.amis-de-compostelle.fr\/de\/generalversammlung-von-compostelle-bretagne\/\" \/>\n<meta property=\"og:locale\" content=\"de_DE\" \/>\n<meta property=\"og:type\" content=\"article\" \/>\n<meta property=\"og:title\" content=\"Generalversammlung von Compostelle Bretagne &#060; Soci\u00e9t\u00e9 Fran\u00e7aise des Amis de Saint-Jacques de Compostelle\" \/>\n<meta property=\"og:description\" content=\"Anne-Marie Podesta, unsere Vizepr\u00e4sidentin, vertrat die Soci\u00e9t\u00e9 Fran\u00e7aise des Amis de Saint Jacques de Compostelle am 8. M\u00e4rz bei der Generalversammlung dieses dynamischen Vereins, der fast 2200 Mitglieder in den f\u00fcnf bretonischen Departements z\u00e4hlt.\" \/>\n<meta property=\"og:url\" content=\"https:\/\/www.amis-de-compostelle.fr\/de\/generalversammlung-von-compostelle-bretagne\/\" \/>\n<meta property=\"og:site_name\" content=\"Soci\u00e9t\u00e9 Fran\u00e7aise des Amis de Saint-Jacques de Compostelle\" \/>\n<meta property=\"article:published_time\" content=\"2025-04-16T07:38:56+00:00\" \/>\n<meta property=\"article:modified_time\" content=\"2025-06-26T11:25:06+00:00\" \/>\n<meta property=\"og:image\" content=\"https:\/\/www.amis-de-compostelle.fr\/wp-content\/uploads\/2025\/04\/AG-2025-Compostelle-Bretagne-.png\" \/>\n\t<meta property=\"og:image:width\" content=\"699\" \/>\n\t<meta property=\"og:image:height\" content=\"666\" \/>\n\t<meta property=\"og:image:type\" content=\"image\/png\" \/>\n<meta name=\"author\" content=\"compostelle.asso\" \/>\n<meta name=\"twitter:card\" content=\"summary_large_image\" \/>\n<meta name=\"twitter:label1\" content=\"Verfasst von\" \/>\n\t<meta name=\"twitter:data1\" content=\"compostelle.asso\" \/>\n\t<meta name=\"twitter:label2\" content=\"Gesch\u00e4tzte Lesezeit\" \/>\n\t<meta name=\"twitter:data2\" content=\"1\u00a0Minute\" \/>\n<script type=\"application\/ld+json\" class=\"yoast-schema-graph\">{\"@context\":\"https:\\\/\\\/schema.org\",\"@graph\":[{\"@type\":\"Article\",\"@id\":\"https:\\\/\\\/www.amis-de-compostelle.fr\\\/de\\\/generalversammlung-von-compostelle-bretagne\\\/#article\",\"isPartOf\":{\"@id\":\"https:\\\/\\\/www.amis-de-compostelle.fr\\\/de\\\/generalversammlung-von-compostelle-bretagne\\\/\"},\"author\":{\"name\":\"compostelle.asso\",\"@id\":\"https:\\\/\\\/www.amis-de-compostelle.fr\\\/de\\\/#\\\/schema\\\/person\\\/4422ec25f17ad467851c5e2198144b33\"},\"headline\":\"Generalversammlung von Compostelle Bretagne\",\"datePublished\":\"2025-04-16T07:38:56+00:00\",\"dateModified\":\"2025-06-26T11:25:06+00:00\",\"mainEntityOfPage\":{\"@id\":\"https:\\\/\\\/www.amis-de-compostelle.fr\\\/de\\\/generalversammlung-von-compostelle-bretagne\\\/\"},\"wordCount\":152,\"commentCount\":0,\"publisher\":{\"@id\":\"https:\\\/\\\/www.amis-de-compostelle.fr\\\/de\\\/#organization\"},\"image\":{\"@id\":\"https:\\\/\\\/www.amis-de-compostelle.fr\\\/de\\\/generalversammlung-von-compostelle-bretagne\\\/#primaryimage\"},\"thumbnailUrl\":\"https:\\\/\\\/www.amis-de-compostelle.fr\\\/wp-content\\\/uploads\\\/2025\\\/04\\\/AG-2025-Compostelle-Bretagne-.png\",\"articleSection\":[\"Externe Nachrichten SFASJC\"],\"inLanguage\":\"de\",\"potentialAction\":[{\"@type\":\"CommentAction\",\"name\":\"Comment\",\"target\":[\"https:\\\/\\\/www.amis-de-compostelle.fr\\\/de\\\/generalversammlung-von-compostelle-bretagne\\\/#respond\"]}]},{\"@type\":\"WebPage\",\"@id\":\"https:\\\/\\\/www.amis-de-compostelle.fr\\\/de\\\/generalversammlung-von-compostelle-bretagne\\\/\",\"url\":\"https:\\\/\\\/www.amis-de-compostelle.fr\\\/de\\\/generalversammlung-von-compostelle-bretagne\\\/\",\"name\":\"Generalversammlung von Compostelle Bretagne &#060; Soci\u00e9t\u00e9 Fran\u00e7aise des Amis de Saint-Jacques de Compostelle\",\"isPartOf\":{\"@id\":\"https:\\\/\\\/www.amis-de-compostelle.fr\\\/de\\\/#website\"},\"primaryImageOfPage\":{\"@id\":\"https:\\\/\\\/www.amis-de-compostelle.fr\\\/de\\\/generalversammlung-von-compostelle-bretagne\\\/#primaryimage\"},\"image\":{\"@id\":\"https:\\\/\\\/www.amis-de-compostelle.fr\\\/de\\\/generalversammlung-von-compostelle-bretagne\\\/#primaryimage\"},\"thumbnailUrl\":\"https:\\\/\\\/www.amis-de-compostelle.fr\\\/wp-content\\\/uploads\\\/2025\\\/04\\\/AG-2025-Compostelle-Bretagne-.png\",\"datePublished\":\"2025-04-16T07:38:56+00:00\",\"dateModified\":\"2025-06-26T11:25:06+00:00\",\"breadcrumb\":{\"@id\":\"https:\\\/\\\/www.amis-de-compostelle.fr\\\/de\\\/generalversammlung-von-compostelle-bretagne\\\/#breadcrumb\"},\"inLanguage\":\"de\",\"potentialAction\":[{\"@type\":\"ReadAction\",\"target\":[\"https:\\\/\\\/www.amis-de-compostelle.fr\\\/de\\\/generalversammlung-von-compostelle-bretagne\\\/\"]}]},{\"@type\":\"ImageObject\",\"inLanguage\":\"de\",\"@id\":\"https:\\\/\\\/www.amis-de-compostelle.fr\\\/de\\\/generalversammlung-von-compostelle-bretagne\\\/#primaryimage\",\"url\":\"https:\\\/\\\/www.amis-de-compostelle.fr\\\/wp-content\\\/uploads\\\/2025\\\/04\\\/AG-2025-Compostelle-Bretagne-.png\",\"contentUrl\":\"https:\\\/\\\/www.amis-de-compostelle.fr\\\/wp-content\\\/uploads\\\/2025\\\/04\\\/AG-2025-Compostelle-Bretagne-.png\",\"width\":699,\"height\":666},{\"@type\":\"BreadcrumbList\",\"@id\":\"https:\\\/\\\/www.amis-de-compostelle.fr\\\/de\\\/generalversammlung-von-compostelle-bretagne\\\/#breadcrumb\",\"itemListElement\":[{\"@type\":\"ListItem\",\"position\":1,\"name\":\"Accueil\",\"item\":\"https:\\\/\\\/www.amis-de-compostelle.fr\\\/de\\\/\"},{\"@type\":\"ListItem\",\"position\":2,\"name\":\"Generalversammlung von Compostelle Bretagne\"}]},{\"@type\":\"WebSite\",\"@id\":\"https:\\\/\\\/www.amis-de-compostelle.fr\\\/de\\\/#website\",\"url\":\"https:\\\/\\\/www.amis-de-compostelle.fr\\\/de\\\/\",\"name\":\"Soci\u00e9t\u00e9 Fran\u00e7aise des Amis de Saint-Jacques de Compostelle\",\"description\":\"La plus ancienne de toutes les associations jacquaires \u2013 depuis 1950\",\"publisher\":{\"@id\":\"https:\\\/\\\/www.amis-de-compostelle.fr\\\/de\\\/#organization\"},\"potentialAction\":[{\"@type\":\"SearchAction\",\"target\":{\"@type\":\"EntryPoint\",\"urlTemplate\":\"https:\\\/\\\/www.amis-de-compostelle.fr\\\/de\\\/?s={search_term_string}\"},\"query-input\":{\"@type\":\"PropertyValueSpecification\",\"valueRequired\":true,\"valueName\":\"search_term_string\"}}],\"inLanguage\":\"de\"},{\"@type\":\"Organization\",\"@id\":\"https:\\\/\\\/www.amis-de-compostelle.fr\\\/de\\\/#organization\",\"name\":\"SOCIETE FRANCAISE DES AMIS DE SAINT-JACQUES DE COMPOSTELLE\",\"url\":\"https:\\\/\\\/www.amis-de-compostelle.fr\\\/de\\\/\",\"logo\":{\"@type\":\"ImageObject\",\"inLanguage\":\"de\",\"@id\":\"https:\\\/\\\/www.amis-de-compostelle.fr\\\/de\\\/#\\\/schema\\\/logo\\\/image\\\/\",\"url\":\"https:\\\/\\\/www.amis-de-compostelle.fr\\\/wp-content\\\/uploads\\\/2021\\\/02\\\/cropped-SFASJ-logo.png\",\"contentUrl\":\"https:\\\/\\\/www.amis-de-compostelle.fr\\\/wp-content\\\/uploads\\\/2021\\\/02\\\/cropped-SFASJ-logo.png\",\"width\":512,\"height\":512,\"caption\":\"SOCIETE FRANCAISE DES AMIS DE SAINT-JACQUES DE COMPOSTELLE\"},\"image\":{\"@id\":\"https:\\\/\\\/www.amis-de-compostelle.fr\\\/de\\\/#\\\/schema\\\/logo\\\/image\\\/\"}},{\"@type\":\"Person\",\"@id\":\"https:\\\/\\\/www.amis-de-compostelle.fr\\\/de\\\/#\\\/schema\\\/person\\\/4422ec25f17ad467851c5e2198144b33\",\"name\":\"compostelle.asso\",\"image\":{\"@type\":\"ImageObject\",\"inLanguage\":\"de\",\"@id\":\"https:\\\/\\\/secure.gravatar.com\\\/avatar\\\/528001642e6b9844bb7fd442955a7b1479326dfc8a07444915cf44039b27c84f?s=96&d=mm&r=g\",\"url\":\"https:\\\/\\\/secure.gravatar.com\\\/avatar\\\/528001642e6b9844bb7fd442955a7b1479326dfc8a07444915cf44039b27c84f?s=96&d=mm&r=g\",\"contentUrl\":\"https:\\\/\\\/secure.gravatar.com\\\/avatar\\\/528001642e6b9844bb7fd442955a7b1479326dfc8a07444915cf44039b27c84f?s=96&d=mm&r=g\",\"caption\":\"compostelle.asso\"}}]}<\/script>\n<!-- \/ Yoast SEO plugin. -->","yoast_head_json":{"title":"Generalversammlung von Compostelle Bretagne &#060; Soci\u00e9t\u00e9 Fran\u00e7aise des Amis de Saint-Jacques de Compostelle","robots":{"index":"index","follow":"follow","max-snippet":"max-snippet:-1","max-image-preview":"max-image-preview:large","max-video-preview":"max-video-preview:-1"},"canonical":"https:\/\/www.amis-de-compostelle.fr\/de\/generalversammlung-von-compostelle-bretagne\/","og_locale":"de_DE","og_type":"article","og_title":"Generalversammlung von Compostelle Bretagne &#060; Soci\u00e9t\u00e9 Fran\u00e7aise des Amis de Saint-Jacques de Compostelle","og_description":"Anne-Marie Podesta, unsere Vizepr\u00e4sidentin, vertrat die Soci\u00e9t\u00e9 Fran\u00e7aise des Amis de Saint Jacques de Compostelle am 8. M\u00e4rz bei der Generalversammlung dieses dynamischen Vereins, der fast 2200 Mitglieder in den f\u00fcnf bretonischen Departements z\u00e4hlt.","og_url":"https:\/\/www.amis-de-compostelle.fr\/de\/generalversammlung-von-compostelle-bretagne\/","og_site_name":"Soci\u00e9t\u00e9 Fran\u00e7aise des Amis de Saint-Jacques de Compostelle","article_published_time":"2025-04-16T07:38:56+00:00","article_modified_time":"2025-06-26T11:25:06+00:00","og_image":[{"width":699,"height":666,"url":"https:\/\/www.amis-de-compostelle.fr\/wp-content\/uploads\/2025\/04\/AG-2025-Compostelle-Bretagne-.png","type":"image\/png"}],"author":"compostelle.asso","twitter_card":"summary_large_image","twitter_misc":{"Verfasst von":"compostelle.asso","Gesch\u00e4tzte Lesezeit":"1\u00a0Minute"},"schema":{"@context":"https:\/\/schema.org","@graph":[{"@type":"Article","@id":"https:\/\/www.amis-de-compostelle.fr\/de\/generalversammlung-von-compostelle-bretagne\/#article","isPartOf":{"@id":"https:\/\/www.amis-de-compostelle.fr\/de\/generalversammlung-von-compostelle-bretagne\/"},"author":{"name":"compostelle.asso","@id":"https:\/\/www.amis-de-compostelle.fr\/de\/#\/schema\/person\/4422ec25f17ad467851c5e2198144b33"},"headline":"Generalversammlung von Compostelle Bretagne","datePublished":"2025-04-16T07:38:56+00:00","dateModified":"2025-06-26T11:25:06+00:00","mainEntityOfPage":{"@id":"https:\/\/www.amis-de-compostelle.fr\/de\/generalversammlung-von-compostelle-bretagne\/"},"wordCount":152,"commentCount":0,"publisher":{"@id":"https:\/\/www.amis-de-compostelle.fr\/de\/#organization"},"image":{"@id":"https:\/\/www.amis-de-compostelle.fr\/de\/generalversammlung-von-compostelle-bretagne\/#primaryimage"},"thumbnailUrl":"https:\/\/www.amis-de-compostelle.fr\/wp-content\/uploads\/2025\/04\/AG-2025-Compostelle-Bretagne-.png","articleSection":["Externe Nachrichten SFASJC"],"inLanguage":"de","potentialAction":[{"@type":"CommentAction","name":"Comment","target":["https:\/\/www.amis-de-compostelle.fr\/de\/generalversammlung-von-compostelle-bretagne\/#respond"]}]},{"@type":"WebPage","@id":"https:\/\/www.amis-de-compostelle.fr\/de\/generalversammlung-von-compostelle-bretagne\/","url":"https:\/\/www.amis-de-compostelle.fr\/de\/generalversammlung-von-compostelle-bretagne\/","name":"Generalversammlung von Compostelle Bretagne &#060; Soci\u00e9t\u00e9 Fran\u00e7aise des Amis de Saint-Jacques de Compostelle","isPartOf":{"@id":"https:\/\/www.amis-de-compostelle.fr\/de\/#website"},"primaryImageOfPage":{"@id":"https:\/\/www.amis-de-compostelle.fr\/de\/generalversammlung-von-compostelle-bretagne\/#primaryimage"},"image":{"@id":"https:\/\/www.amis-de-compostelle.fr\/de\/generalversammlung-von-compostelle-bretagne\/#primaryimage"},"thumbnailUrl":"https:\/\/www.amis-de-compostelle.fr\/wp-content\/uploads\/2025\/04\/AG-2025-Compostelle-Bretagne-.png","datePublished":"2025-04-16T07:38:56+00:00","dateModified":"2025-06-26T11:25:06+00:00","breadcrumb":{"@id":"https:\/\/www.amis-de-compostelle.fr\/de\/generalversammlung-von-compostelle-bretagne\/#breadcrumb"},"inLanguage":"de","potentialAction":[{"@type":"ReadAction","target":["https:\/\/www.amis-de-compostelle.fr\/de\/generalversammlung-von-compostelle-bretagne\/"]}]},{"@type":"ImageObject","inLanguage":"de","@id":"https:\/\/www.amis-de-compostelle.fr\/de\/generalversammlung-von-compostelle-bretagne\/#primaryimage","url":"https:\/\/www.amis-de-compostelle.fr\/wp-content\/uploads\/2025\/04\/AG-2025-Compostelle-Bretagne-.png","contentUrl":"https:\/\/www.amis-de-compostelle.fr\/wp-content\/uploads\/2025\/04\/AG-2025-Compostelle-Bretagne-.png","width":699,"height":666},{"@type":"BreadcrumbList","@id":"https:\/\/www.amis-de-compostelle.fr\/de\/generalversammlung-von-compostelle-bretagne\/#breadcrumb","itemListElement":[{"@type":"ListItem","position":1,"name":"Accueil","item":"https:\/\/www.amis-de-compostelle.fr\/de\/"},{"@type":"ListItem","position":2,"name":"Generalversammlung von Compostelle Bretagne"}]},{"@type":"WebSite","@id":"https:\/\/www.amis-de-compostelle.fr\/de\/#website","url":"https:\/\/www.amis-de-compostelle.fr\/de\/","name":"Soci\u00e9t\u00e9 Fran\u00e7aise des Amis de Saint-Jacques de Compostelle","description":"La plus ancienne de toutes les associations jacquaires \u2013 depuis 1950","publisher":{"@id":"https:\/\/www.amis-de-compostelle.fr\/de\/#organization"},"potentialAction":[{"@type":"SearchAction","target":{"@type":"EntryPoint","urlTemplate":"https:\/\/www.amis-de-compostelle.fr\/de\/?s={search_term_string}"},"query-input":{"@type":"PropertyValueSpecification","valueRequired":true,"valueName":"search_term_string"}}],"inLanguage":"de"},{"@type":"Organization","@id":"https:\/\/www.amis-de-compostelle.fr\/de\/#organization","name":"SOCIETE FRANCAISE DES AMIS DE SAINT-JACQUES DE COMPOSTELLE","url":"https:\/\/www.amis-de-compostelle.fr\/de\/","logo":{"@type":"ImageObject","inLanguage":"de","@id":"https:\/\/www.amis-de-compostelle.fr\/de\/#\/schema\/logo\/image\/","url":"https:\/\/www.amis-de-compostelle.fr\/wp-content\/uploads\/2021\/02\/cropped-SFASJ-logo.png","contentUrl":"https:\/\/www.amis-de-compostelle.fr\/wp-content\/uploads\/2021\/02\/cropped-SFASJ-logo.png","width":512,"height":512,"caption":"SOCIETE FRANCAISE DES AMIS DE SAINT-JACQUES DE COMPOSTELLE"},"image":{"@id":"https:\/\/www.amis-de-compostelle.fr\/de\/#\/schema\/logo\/image\/"}},{"@type":"Person","@id":"https:\/\/www.amis-de-compostelle.fr\/de\/#\/schema\/person\/4422ec25f17ad467851c5e2198144b33","name":"compostelle.asso","image":{"@type":"ImageObject","inLanguage":"de","@id":"https:\/\/secure.gravatar.com\/avatar\/528001642e6b9844bb7fd442955a7b1479326dfc8a07444915cf44039b27c84f?s=96&d=mm&r=g","url":"https:\/\/secure.gravatar.com\/avatar\/528001642e6b9844bb7fd442955a7b1479326dfc8a07444915cf44039b27c84f?s=96&d=mm&r=g","contentUrl":"https:\/\/secure.gravatar.com\/avatar\/528001642e6b9844bb7fd442955a7b1479326dfc8a07444915cf44039b27c84f?s=96&d=mm&r=g","caption":"compostelle.asso"}}]}},"_links":{"self":[{"href":"https:\/\/www.amis-de-compostelle.fr\/de\/wp-json\/wp\/v2\/posts\/7922","targetHints":{"allow":["GET"]}}],"collection":[{"href":"https:\/\/www.amis-de-compostelle.fr\/de\/wp-json\/wp\/v2\/posts"}],"about":[{"href":"https:\/\/www.amis-de-compostelle.fr\/de\/wp-json\/wp\/v2\/types\/post"}],"author":[{"embeddable":true,"href":"https:\/\/www.amis-de-compostelle.fr\/de\/wp-json\/wp\/v2\/users\/4"}],"replies":[{"embeddable":true,"href":"https:\/\/www.amis-de-compostelle.fr\/de\/wp-json\/wp\/v2\/comments?post=7922"}],"version-history":[{"count":1,"href":"https:\/\/www.amis-de-compostelle.fr\/de\/wp-json\/wp\/v2\/posts\/7922\/revisions"}],"predecessor-version":[{"id":7925,"href":"https:\/\/www.amis-de-compostelle.fr\/de\/wp-json\/wp\/v2\/posts\/7922\/revisions\/7925"}],"wp:featuredmedia":[{"embeddable":true,"href":"https:\/\/www.amis-de-compostelle.fr\/de\/wp-json\/wp\/v2\/media\/7772"}],"wp:attachment":[{"href":"https:\/\/www.amis-de-compostelle.fr\/de\/wp-json\/wp\/v2\/media?parent=7922"}],"wp:term":[{"taxonomy":"category","embeddable":true,"href":"https:\/\/www.amis-de-compostelle.fr\/de\/wp-json\/wp\/v2\/categories?post=7922"},{"taxonomy":"post_tag","embeddable":true,"href":"https:\/\/www.amis-de-compostelle.fr\/de\/wp-json\/wp\/v2\/tags?post=7922"}],"curies":[{"name":"wp","href":"https:\/\/api.w.org\/{rel}","templated":true}]}}