{"id":8566,"date":"2021-02-09T10:02:00","date_gmt":"2021-02-09T09:02:00","guid":{"rendered":"https:\/\/www.amis-de-compostelle.fr\/restaurierung-der-gedenktafel-am-st-jakobs-turm\/"},"modified":"2025-06-26T13:29:31","modified_gmt":"2025-06-26T11:29:31","slug":"restaurierung-der-gedenktafel-am-st-jakobs-turm","status":"publish","type":"post","link":"https:\/\/www.amis-de-compostelle.fr\/de\/restaurierung-der-gedenktafel-am-st-jakobs-turm\/","title":{"rendered":"Restaurierung der Gedenktafel am St.-Jakobs-Turm"},"content":{"rendered":"","protected":false},"excerpt":{"rendered":"<p><!-- wp:paragraph --><\/p>\n<p>Auf Wunsch von Patrice Bernard, dem Pr\u00e4sidenten der franz\u00f6sischen Gesellschaft der Freunde von Santiago de Compostela , renovierten die Dienststellen der Stadt Paris die 1965 auf Initiative von Ren\u00e9 de La Coste-Messeli\u00e8re am Turm von Saint-Jacques in Paris angebrachte Tafel.<\/p>\n<p><!-- \/wp:paragraph --><\/p>\n<p><!-- wp:paragraph --><\/p>\n<p>Die Einweihungszeremonie wird in Anwesenheit des spanischen Botschafters an einem noch festzulegenden Datum stattfinden.&nbsp;<\/p>\n<p><!-- \/wp:paragraph --><\/p>\n","protected":false},"author":1,"featured_media":6041,"comment_status":"open","ping_status":"open","sticky":false,"template":"","format":"standard","meta":{"_acf_changed":false,"inline_featured_image":false,"_EventAllDay":false,"_EventTimezone":"","_EventStartDate":"","_EventEndDate":"","_EventStartDateUTC":"","_EventEndDateUTC":"","_EventShowMap":false,"_EventShowMapLink":false,"_EventURL":"","_EventCost":"","_EventCostDescription":"","_EventCurrencySymbol":"","_EventCurrencyCode":"","_EventCurrencyPosition":"","_EventDateTimeSeparator":"","_EventTimeRangeSeparator":"","_EventOrganizerID":[],"_EventVenueID":[],"_OrganizerEmail":"","_OrganizerPhone":"","_OrganizerWebsite":"","_VenueAddress":"","_VenueCity":"","_VenueCountry":"","_VenueProvince":"","_VenueState":"","_VenueZip":"","_VenuePhone":"","_VenueURL":"","_VenueStateProvince":"","_VenueLat":"","_VenueLng":"","_VenueShowMap":false,"_VenueShowMapLink":false,"footnotes":""},"categories":[32],"tags":[],"class_list":["post-8566","post","type-post","status-publish","format-standard","has-post-thumbnail","hentry","category-nicht-kategorisiert"],"acf":[],"yoast_head":"<!-- This site is optimized with the Yoast SEO plugin v27.5 - https:\/\/yoast.com\/product\/yoast-seo-wordpress\/ -->\n<title>Restaurierung der Gedenktafel am St.-Jakobs-Turm &#060; Soci\u00e9t\u00e9 Fran\u00e7aise des Amis de Saint-Jacques de Compostelle<\/title>\n<meta name=\"robots\" content=\"index, follow, max-snippet:-1, max-image-preview:large, max-video-preview:-1\" \/>\n<link rel=\"canonical\" href=\"https:\/\/www.amis-de-compostelle.fr\/de\/restaurierung-der-gedenktafel-am-st-jakobs-turm\/\" \/>\n<meta property=\"og:locale\" content=\"de_DE\" \/>\n<meta property=\"og:type\" content=\"article\" \/>\n<meta property=\"og:title\" content=\"Restaurierung der Gedenktafel am St.-Jakobs-Turm &#060; Soci\u00e9t\u00e9 Fran\u00e7aise des Amis de Saint-Jacques de Compostelle\" \/>\n<meta property=\"og:description\" content=\"Auf Wunsch von Patrice Bernard, dem Pr\u00e4sidenten der franz\u00f6sischen Gesellschaft der Freunde von Santiago de Compostela , renovierten die Dienststellen der Stadt Paris die 1965 auf Initiative von Ren\u00e9 de La Coste-Messeli\u00e8re am Turm von Saint-Jacques in Paris angebrachte Tafel.  Die Einweihungszeremonie wird in Anwesenheit des spanischen Botschafters an einem noch festzulegenden Datum stattfinden.&nbsp;\" \/>\n<meta property=\"og:url\" content=\"https:\/\/www.amis-de-compostelle.fr\/de\/restaurierung-der-gedenktafel-am-st-jakobs-turm\/\" \/>\n<meta property=\"og:site_name\" content=\"Soci\u00e9t\u00e9 Fran\u00e7aise des Amis de Saint-Jacques de Compostelle\" \/>\n<meta property=\"article:published_time\" content=\"2021-02-09T09:02:00+00:00\" \/>\n<meta property=\"article:modified_time\" content=\"2025-06-26T11:29:31+00:00\" \/>\n<meta name=\"author\" content=\"theo\" \/>\n<meta name=\"twitter:card\" content=\"summary_large_image\" \/>\n<meta name=\"twitter:label1\" content=\"Verfasst von\" \/>\n\t<meta name=\"twitter:data1\" content=\"theo\" \/>\n<script type=\"application\/ld+json\" class=\"yoast-schema-graph\">{\"@context\":\"https:\\\/\\\/schema.org\",\"@graph\":[{\"@type\":\"Article\",\"@id\":\"https:\\\/\\\/www.amis-de-compostelle.fr\\\/de\\\/restaurierung-der-gedenktafel-am-st-jakobs-turm\\\/#article\",\"isPartOf\":{\"@id\":\"https:\\\/\\\/www.amis-de-compostelle.fr\\\/de\\\/restaurierung-der-gedenktafel-am-st-jakobs-turm\\\/\"},\"author\":{\"name\":\"theo\",\"@id\":\"https:\\\/\\\/www.amis-de-compostelle.fr\\\/de\\\/#\\\/schema\\\/person\\\/af58290ccf23e46e51b571edec83c579\"},\"headline\":\"Restaurierung der Gedenktafel am St.-Jakobs-Turm\",\"datePublished\":\"2021-02-09T09:02:00+00:00\",\"dateModified\":\"2025-06-26T11:29:31+00:00\",\"mainEntityOfPage\":{\"@id\":\"https:\\\/\\\/www.amis-de-compostelle.fr\\\/de\\\/restaurierung-der-gedenktafel-am-st-jakobs-turm\\\/\"},\"wordCount\":61,\"commentCount\":0,\"publisher\":{\"@id\":\"https:\\\/\\\/www.amis-de-compostelle.fr\\\/de\\\/#organization\"},\"image\":{\"@id\":\"https:\\\/\\\/www.amis-de-compostelle.fr\\\/de\\\/restaurierung-der-gedenktafel-am-st-jakobs-turm\\\/#primaryimage\"},\"thumbnailUrl\":\"https:\\\/\\\/www.amis-de-compostelle.fr\\\/wp-content\\\/uploads\\\/2021\\\/02\\\/velizar-ivanov-rXB9YjOQX8I-unsplash.svg\",\"articleSection\":[\"Nicht kategorisiert\"],\"inLanguage\":\"de\",\"potentialAction\":[{\"@type\":\"CommentAction\",\"name\":\"Comment\",\"target\":[\"https:\\\/\\\/www.amis-de-compostelle.fr\\\/de\\\/restaurierung-der-gedenktafel-am-st-jakobs-turm\\\/#respond\"]}]},{\"@type\":\"WebPage\",\"@id\":\"https:\\\/\\\/www.amis-de-compostelle.fr\\\/de\\\/restaurierung-der-gedenktafel-am-st-jakobs-turm\\\/\",\"url\":\"https:\\\/\\\/www.amis-de-compostelle.fr\\\/de\\\/restaurierung-der-gedenktafel-am-st-jakobs-turm\\\/\",\"name\":\"Restaurierung der Gedenktafel am St.-Jakobs-Turm &#060; Soci\u00e9t\u00e9 Fran\u00e7aise des Amis de Saint-Jacques de Compostelle\",\"isPartOf\":{\"@id\":\"https:\\\/\\\/www.amis-de-compostelle.fr\\\/de\\\/#website\"},\"primaryImageOfPage\":{\"@id\":\"https:\\\/\\\/www.amis-de-compostelle.fr\\\/de\\\/restaurierung-der-gedenktafel-am-st-jakobs-turm\\\/#primaryimage\"},\"image\":{\"@id\":\"https:\\\/\\\/www.amis-de-compostelle.fr\\\/de\\\/restaurierung-der-gedenktafel-am-st-jakobs-turm\\\/#primaryimage\"},\"thumbnailUrl\":\"https:\\\/\\\/www.amis-de-compostelle.fr\\\/wp-content\\\/uploads\\\/2021\\\/02\\\/velizar-ivanov-rXB9YjOQX8I-unsplash.svg\",\"datePublished\":\"2021-02-09T09:02:00+00:00\",\"dateModified\":\"2025-06-26T11:29:31+00:00\",\"breadcrumb\":{\"@id\":\"https:\\\/\\\/www.amis-de-compostelle.fr\\\/de\\\/restaurierung-der-gedenktafel-am-st-jakobs-turm\\\/#breadcrumb\"},\"inLanguage\":\"de\",\"potentialAction\":[{\"@type\":\"ReadAction\",\"target\":[\"https:\\\/\\\/www.amis-de-compostelle.fr\\\/de\\\/restaurierung-der-gedenktafel-am-st-jakobs-turm\\\/\"]}]},{\"@type\":\"ImageObject\",\"inLanguage\":\"de\",\"@id\":\"https:\\\/\\\/www.amis-de-compostelle.fr\\\/de\\\/restaurierung-der-gedenktafel-am-st-jakobs-turm\\\/#primaryimage\",\"url\":\"https:\\\/\\\/www.amis-de-compostelle.fr\\\/wp-content\\\/uploads\\\/2021\\\/02\\\/velizar-ivanov-rXB9YjOQX8I-unsplash.svg\",\"contentUrl\":\"https:\\\/\\\/www.amis-de-compostelle.fr\\\/wp-content\\\/uploads\\\/2021\\\/02\\\/velizar-ivanov-rXB9YjOQX8I-unsplash.svg\",\"width\":326,\"height\":191},{\"@type\":\"BreadcrumbList\",\"@id\":\"https:\\\/\\\/www.amis-de-compostelle.fr\\\/de\\\/restaurierung-der-gedenktafel-am-st-jakobs-turm\\\/#breadcrumb\",\"itemListElement\":[{\"@type\":\"ListItem\",\"position\":1,\"name\":\"Accueil\",\"item\":\"https:\\\/\\\/www.amis-de-compostelle.fr\\\/de\\\/\"},{\"@type\":\"ListItem\",\"position\":2,\"name\":\"Restaurierung der Gedenktafel am St.-Jakobs-Turm\"}]},{\"@type\":\"WebSite\",\"@id\":\"https:\\\/\\\/www.amis-de-compostelle.fr\\\/de\\\/#website\",\"url\":\"https:\\\/\\\/www.amis-de-compostelle.fr\\\/de\\\/\",\"name\":\"Soci\u00e9t\u00e9 Fran\u00e7aise des Amis de Saint-Jacques de Compostelle\",\"description\":\"La plus ancienne de toutes les associations jacquaires \u2013 depuis 1950\",\"publisher\":{\"@id\":\"https:\\\/\\\/www.amis-de-compostelle.fr\\\/de\\\/#organization\"},\"potentialAction\":[{\"@type\":\"SearchAction\",\"target\":{\"@type\":\"EntryPoint\",\"urlTemplate\":\"https:\\\/\\\/www.amis-de-compostelle.fr\\\/de\\\/?s={search_term_string}\"},\"query-input\":{\"@type\":\"PropertyValueSpecification\",\"valueRequired\":true,\"valueName\":\"search_term_string\"}}],\"inLanguage\":\"de\"},{\"@type\":\"Organization\",\"@id\":\"https:\\\/\\\/www.amis-de-compostelle.fr\\\/de\\\/#organization\",\"name\":\"SOCIETE FRANCAISE DES AMIS DE SAINT-JACQUES DE COMPOSTELLE\",\"url\":\"https:\\\/\\\/www.amis-de-compostelle.fr\\\/de\\\/\",\"logo\":{\"@type\":\"ImageObject\",\"inLanguage\":\"de\",\"@id\":\"https:\\\/\\\/www.amis-de-compostelle.fr\\\/de\\\/#\\\/schema\\\/logo\\\/image\\\/\",\"url\":\"https:\\\/\\\/www.amis-de-compostelle.fr\\\/wp-content\\\/uploads\\\/2021\\\/02\\\/cropped-SFASJ-logo.png\",\"contentUrl\":\"https:\\\/\\\/www.amis-de-compostelle.fr\\\/wp-content\\\/uploads\\\/2021\\\/02\\\/cropped-SFASJ-logo.png\",\"width\":512,\"height\":512,\"caption\":\"SOCIETE FRANCAISE DES AMIS DE SAINT-JACQUES DE COMPOSTELLE\"},\"image\":{\"@id\":\"https:\\\/\\\/www.amis-de-compostelle.fr\\\/de\\\/#\\\/schema\\\/logo\\\/image\\\/\"}},{\"@type\":\"Person\",\"@id\":\"https:\\\/\\\/www.amis-de-compostelle.fr\\\/de\\\/#\\\/schema\\\/person\\\/af58290ccf23e46e51b571edec83c579\",\"name\":\"theo\",\"image\":{\"@type\":\"ImageObject\",\"inLanguage\":\"de\",\"@id\":\"https:\\\/\\\/secure.gravatar.com\\\/avatar\\\/405f543f787aaba2d601af308a7302307156ee0f040bc2b2513da2b7ae71c456?s=96&d=mm&r=g\",\"url\":\"https:\\\/\\\/secure.gravatar.com\\\/avatar\\\/405f543f787aaba2d601af308a7302307156ee0f040bc2b2513da2b7ae71c456?s=96&d=mm&r=g\",\"contentUrl\":\"https:\\\/\\\/secure.gravatar.com\\\/avatar\\\/405f543f787aaba2d601af308a7302307156ee0f040bc2b2513da2b7ae71c456?s=96&d=mm&r=g\",\"caption\":\"theo\"},\"sameAs\":[\"https:\\\/\\\/www.amis-de-compostelle.fr\"]}]}<\/script>\n<!-- \/ Yoast SEO plugin. -->","yoast_head_json":{"title":"Restaurierung der Gedenktafel am St.-Jakobs-Turm &#060; Soci\u00e9t\u00e9 Fran\u00e7aise des Amis de Saint-Jacques de Compostelle","robots":{"index":"index","follow":"follow","max-snippet":"max-snippet:-1","max-image-preview":"max-image-preview:large","max-video-preview":"max-video-preview:-1"},"canonical":"https:\/\/www.amis-de-compostelle.fr\/de\/restaurierung-der-gedenktafel-am-st-jakobs-turm\/","og_locale":"de_DE","og_type":"article","og_title":"Restaurierung der Gedenktafel am St.-Jakobs-Turm &#060; Soci\u00e9t\u00e9 Fran\u00e7aise des Amis de Saint-Jacques de Compostelle","og_description":"Auf Wunsch von Patrice Bernard, dem Pr\u00e4sidenten der franz\u00f6sischen Gesellschaft der Freunde von Santiago de Compostela , renovierten die Dienststellen der Stadt Paris die 1965 auf Initiative von Ren\u00e9 de La Coste-Messeli\u00e8re am Turm von Saint-Jacques in Paris angebrachte Tafel.  Die Einweihungszeremonie wird in Anwesenheit des spanischen Botschafters an einem noch festzulegenden Datum stattfinden.&nbsp;","og_url":"https:\/\/www.amis-de-compostelle.fr\/de\/restaurierung-der-gedenktafel-am-st-jakobs-turm\/","og_site_name":"Soci\u00e9t\u00e9 Fran\u00e7aise des Amis de Saint-Jacques de Compostelle","article_published_time":"2021-02-09T09:02:00+00:00","article_modified_time":"2025-06-26T11:29:31+00:00","author":"theo","twitter_card":"summary_large_image","twitter_misc":{"Verfasst von":"theo"},"schema":{"@context":"https:\/\/schema.org","@graph":[{"@type":"Article","@id":"https:\/\/www.amis-de-compostelle.fr\/de\/restaurierung-der-gedenktafel-am-st-jakobs-turm\/#article","isPartOf":{"@id":"https:\/\/www.amis-de-compostelle.fr\/de\/restaurierung-der-gedenktafel-am-st-jakobs-turm\/"},"author":{"name":"theo","@id":"https:\/\/www.amis-de-compostelle.fr\/de\/#\/schema\/person\/af58290ccf23e46e51b571edec83c579"},"headline":"Restaurierung der Gedenktafel am St.-Jakobs-Turm","datePublished":"2021-02-09T09:02:00+00:00","dateModified":"2025-06-26T11:29:31+00:00","mainEntityOfPage":{"@id":"https:\/\/www.amis-de-compostelle.fr\/de\/restaurierung-der-gedenktafel-am-st-jakobs-turm\/"},"wordCount":61,"commentCount":0,"publisher":{"@id":"https:\/\/www.amis-de-compostelle.fr\/de\/#organization"},"image":{"@id":"https:\/\/www.amis-de-compostelle.fr\/de\/restaurierung-der-gedenktafel-am-st-jakobs-turm\/#primaryimage"},"thumbnailUrl":"https:\/\/www.amis-de-compostelle.fr\/wp-content\/uploads\/2021\/02\/velizar-ivanov-rXB9YjOQX8I-unsplash.svg","articleSection":["Nicht kategorisiert"],"inLanguage":"de","potentialAction":[{"@type":"CommentAction","name":"Comment","target":["https:\/\/www.amis-de-compostelle.fr\/de\/restaurierung-der-gedenktafel-am-st-jakobs-turm\/#respond"]}]},{"@type":"WebPage","@id":"https:\/\/www.amis-de-compostelle.fr\/de\/restaurierung-der-gedenktafel-am-st-jakobs-turm\/","url":"https:\/\/www.amis-de-compostelle.fr\/de\/restaurierung-der-gedenktafel-am-st-jakobs-turm\/","name":"Restaurierung der Gedenktafel am St.-Jakobs-Turm &#060; Soci\u00e9t\u00e9 Fran\u00e7aise des Amis de Saint-Jacques de Compostelle","isPartOf":{"@id":"https:\/\/www.amis-de-compostelle.fr\/de\/#website"},"primaryImageOfPage":{"@id":"https:\/\/www.amis-de-compostelle.fr\/de\/restaurierung-der-gedenktafel-am-st-jakobs-turm\/#primaryimage"},"image":{"@id":"https:\/\/www.amis-de-compostelle.fr\/de\/restaurierung-der-gedenktafel-am-st-jakobs-turm\/#primaryimage"},"thumbnailUrl":"https:\/\/www.amis-de-compostelle.fr\/wp-content\/uploads\/2021\/02\/velizar-ivanov-rXB9YjOQX8I-unsplash.svg","datePublished":"2021-02-09T09:02:00+00:00","dateModified":"2025-06-26T11:29:31+00:00","breadcrumb":{"@id":"https:\/\/www.amis-de-compostelle.fr\/de\/restaurierung-der-gedenktafel-am-st-jakobs-turm\/#breadcrumb"},"inLanguage":"de","potentialAction":[{"@type":"ReadAction","target":["https:\/\/www.amis-de-compostelle.fr\/de\/restaurierung-der-gedenktafel-am-st-jakobs-turm\/"]}]},{"@type":"ImageObject","inLanguage":"de","@id":"https:\/\/www.amis-de-compostelle.fr\/de\/restaurierung-der-gedenktafel-am-st-jakobs-turm\/#primaryimage","url":"https:\/\/www.amis-de-compostelle.fr\/wp-content\/uploads\/2021\/02\/velizar-ivanov-rXB9YjOQX8I-unsplash.svg","contentUrl":"https:\/\/www.amis-de-compostelle.fr\/wp-content\/uploads\/2021\/02\/velizar-ivanov-rXB9YjOQX8I-unsplash.svg","width":326,"height":191},{"@type":"BreadcrumbList","@id":"https:\/\/www.amis-de-compostelle.fr\/de\/restaurierung-der-gedenktafel-am-st-jakobs-turm\/#breadcrumb","itemListElement":[{"@type":"ListItem","position":1,"name":"Accueil","item":"https:\/\/www.amis-de-compostelle.fr\/de\/"},{"@type":"ListItem","position":2,"name":"Restaurierung der Gedenktafel am St.-Jakobs-Turm"}]},{"@type":"WebSite","@id":"https:\/\/www.amis-de-compostelle.fr\/de\/#website","url":"https:\/\/www.amis-de-compostelle.fr\/de\/","name":"Soci\u00e9t\u00e9 Fran\u00e7aise des Amis de Saint-Jacques de Compostelle","description":"La plus ancienne de toutes les associations jacquaires \u2013 depuis 1950","publisher":{"@id":"https:\/\/www.amis-de-compostelle.fr\/de\/#organization"},"potentialAction":[{"@type":"SearchAction","target":{"@type":"EntryPoint","urlTemplate":"https:\/\/www.amis-de-compostelle.fr\/de\/?s={search_term_string}"},"query-input":{"@type":"PropertyValueSpecification","valueRequired":true,"valueName":"search_term_string"}}],"inLanguage":"de"},{"@type":"Organization","@id":"https:\/\/www.amis-de-compostelle.fr\/de\/#organization","name":"SOCIETE FRANCAISE DES AMIS DE SAINT-JACQUES DE COMPOSTELLE","url":"https:\/\/www.amis-de-compostelle.fr\/de\/","logo":{"@type":"ImageObject","inLanguage":"de","@id":"https:\/\/www.amis-de-compostelle.fr\/de\/#\/schema\/logo\/image\/","url":"https:\/\/www.amis-de-compostelle.fr\/wp-content\/uploads\/2021\/02\/cropped-SFASJ-logo.png","contentUrl":"https:\/\/www.amis-de-compostelle.fr\/wp-content\/uploads\/2021\/02\/cropped-SFASJ-logo.png","width":512,"height":512,"caption":"SOCIETE FRANCAISE DES AMIS DE SAINT-JACQUES DE COMPOSTELLE"},"image":{"@id":"https:\/\/www.amis-de-compostelle.fr\/de\/#\/schema\/logo\/image\/"}},{"@type":"Person","@id":"https:\/\/www.amis-de-compostelle.fr\/de\/#\/schema\/person\/af58290ccf23e46e51b571edec83c579","name":"theo","image":{"@type":"ImageObject","inLanguage":"de","@id":"https:\/\/secure.gravatar.com\/avatar\/405f543f787aaba2d601af308a7302307156ee0f040bc2b2513da2b7ae71c456?s=96&d=mm&r=g","url":"https:\/\/secure.gravatar.com\/avatar\/405f543f787aaba2d601af308a7302307156ee0f040bc2b2513da2b7ae71c456?s=96&d=mm&r=g","contentUrl":"https:\/\/secure.gravatar.com\/avatar\/405f543f787aaba2d601af308a7302307156ee0f040bc2b2513da2b7ae71c456?s=96&d=mm&r=g","caption":"theo"},"sameAs":["https:\/\/www.amis-de-compostelle.fr"]}]}},"_links":{"self":[{"href":"https:\/\/www.amis-de-compostelle.fr\/de\/wp-json\/wp\/v2\/posts\/8566","targetHints":{"allow":["GET"]}}],"collection":[{"href":"https:\/\/www.amis-de-compostelle.fr\/de\/wp-json\/wp\/v2\/posts"}],"about":[{"href":"https:\/\/www.amis-de-compostelle.fr\/de\/wp-json\/wp\/v2\/types\/post"}],"author":[{"embeddable":true,"href":"https:\/\/www.amis-de-compostelle.fr\/de\/wp-json\/wp\/v2\/users\/1"}],"replies":[{"embeddable":true,"href":"https:\/\/www.amis-de-compostelle.fr\/de\/wp-json\/wp\/v2\/comments?post=8566"}],"version-history":[{"count":1,"href":"https:\/\/www.amis-de-compostelle.fr\/de\/wp-json\/wp\/v2\/posts\/8566\/revisions"}],"predecessor-version":[{"id":8567,"href":"https:\/\/www.amis-de-compostelle.fr\/de\/wp-json\/wp\/v2\/posts\/8566\/revisions\/8567"}],"wp:featuredmedia":[{"embeddable":true,"href":"https:\/\/www.amis-de-compostelle.fr\/de\/wp-json\/wp\/v2\/media\/6041"}],"wp:attachment":[{"href":"https:\/\/www.amis-de-compostelle.fr\/de\/wp-json\/wp\/v2\/media?parent=8566"}],"wp:term":[{"taxonomy":"category","embeddable":true,"href":"https:\/\/www.amis-de-compostelle.fr\/de\/wp-json\/wp\/v2\/categories?post=8566"},{"taxonomy":"post_tag","embeddable":true,"href":"https:\/\/www.amis-de-compostelle.fr\/de\/wp-json\/wp\/v2\/tags?post=8566"}],"curies":[{"name":"wp","href":"https:\/\/api.w.org\/{rel}","templated":true}]}}