{"id":8001,"date":"2025-02-28T09:48:57","date_gmt":"2025-02-28T08:48:57","guid":{"rendered":"https:\/\/www.amis-de-compostelle.fr\/our-general-meeting-2024\/"},"modified":"2025-06-26T13:25:27","modified_gmt":"2025-06-26T11:25:27","slug":"our-general-meeting-2024","status":"publish","type":"post","link":"https:\/\/www.amis-de-compostelle.fr\/en\/our-general-meeting-2024\/","title":{"rendered":"Our General Meeting 2024"},"content":{"rendered":"","protected":false},"excerpt":{"rendered":"<p>It was held on February 15, 2024 at the Forum 104<br \/>\nOn the agenda, in addition to approving the accounts and electing the new Board of Directors, there was the presentation of the Jacque awards&#8230;<\/p>\n","protected":false},"author":4,"featured_media":0,"comment_status":"closed","ping_status":"closed","sticky":false,"template":"","format":"standard","meta":{"_acf_changed":false,"inline_featured_image":false,"_EventAllDay":false,"_EventTimezone":"","_EventStartDate":"","_EventEndDate":"","_EventStartDateUTC":"","_EventEndDateUTC":"","_EventShowMap":false,"_EventShowMapLink":false,"_EventURL":"","_EventCost":"","_EventCostDescription":"","_EventCurrencySymbol":"","_EventCurrencyCode":"","_EventCurrencyPosition":"","_EventDateTimeSeparator":"","_EventTimeRangeSeparator":"","_EventOrganizerID":[],"_EventVenueID":[],"_OrganizerEmail":"","_OrganizerPhone":"","_OrganizerWebsite":"","_VenueAddress":"","_VenueCity":"","_VenueCountry":"","_VenueProvince":"","_VenueState":"","_VenueZip":"","_VenuePhone":"","_VenueURL":"","_VenueStateProvince":"","_VenueLat":"","_VenueLng":"","_VenueShowMap":false,"_VenueShowMapLink":false,"footnotes":""},"categories":[54],"tags":[],"class_list":["post-8001","post","type-post","status-publish","format-standard","hentry","category-sfasjc-news"],"acf":[],"yoast_head":"<!-- This site is optimized with the Yoast SEO plugin v27.5 - https:\/\/yoast.com\/product\/yoast-seo-wordpress\/ -->\n<title>Our General Meeting 2024 &#060; Soci\u00e9t\u00e9 Fran\u00e7aise des Amis de Saint-Jacques de Compostelle<\/title>\n<meta name=\"robots\" content=\"index, follow, max-snippet:-1, max-image-preview:large, max-video-preview:-1\" \/>\n<link rel=\"canonical\" href=\"https:\/\/www.amis-de-compostelle.fr\/en\/our-general-meeting-2024\/\" \/>\n<meta property=\"og:locale\" content=\"en_US\" \/>\n<meta property=\"og:type\" content=\"article\" \/>\n<meta property=\"og:title\" content=\"Our General Meeting 2024 &#060; Soci\u00e9t\u00e9 Fran\u00e7aise des Amis de Saint-Jacques de Compostelle\" \/>\n<meta property=\"og:description\" content=\"It was held on February 15, 2024 at the Forum 104 On the agenda, in addition to approving the accounts and electing the new Board of Directors, there was the presentation of the Jacque awards...\" \/>\n<meta property=\"og:url\" content=\"https:\/\/www.amis-de-compostelle.fr\/en\/our-general-meeting-2024\/\" \/>\n<meta property=\"og:site_name\" content=\"Soci\u00e9t\u00e9 Fran\u00e7aise des Amis de Saint-Jacques de Compostelle\" \/>\n<meta property=\"article:published_time\" content=\"2025-02-28T08:48:57+00:00\" \/>\n<meta property=\"article:modified_time\" content=\"2025-06-26T11:25:27+00:00\" \/>\n<meta property=\"og:image\" content=\"https:\/\/www.amis-de-compostelle.fr\/wp-content\/uploads\/2025\/02\/2025-02-15-AG-SFASJC-3-1024x771.jpg\" \/>\n<meta name=\"author\" content=\"compostelle.asso\" \/>\n<meta name=\"twitter:card\" content=\"summary_large_image\" \/>\n<meta name=\"twitter:label1\" content=\"Written by\" \/>\n\t<meta name=\"twitter:data1\" content=\"compostelle.asso\" \/>\n\t<meta name=\"twitter:label2\" content=\"Est. reading time\" \/>\n\t<meta name=\"twitter:data2\" content=\"2 minutes\" \/>\n<script type=\"application\/ld+json\" class=\"yoast-schema-graph\">{\"@context\":\"https:\\\/\\\/schema.org\",\"@graph\":[{\"@type\":\"Article\",\"@id\":\"https:\\\/\\\/www.amis-de-compostelle.fr\\\/en\\\/our-general-meeting-2024\\\/#article\",\"isPartOf\":{\"@id\":\"https:\\\/\\\/www.amis-de-compostelle.fr\\\/en\\\/our-general-meeting-2024\\\/\"},\"author\":{\"name\":\"compostelle.asso\",\"@id\":\"https:\\\/\\\/www.amis-de-compostelle.fr\\\/en\\\/#\\\/schema\\\/person\\\/4422ec25f17ad467851c5e2198144b33\"},\"headline\":\"Our General Meeting 2024\",\"datePublished\":\"2025-02-28T08:48:57+00:00\",\"dateModified\":\"2025-06-26T11:25:27+00:00\",\"mainEntityOfPage\":{\"@id\":\"https:\\\/\\\/www.amis-de-compostelle.fr\\\/en\\\/our-general-meeting-2024\\\/\"},\"wordCount\":402,\"publisher\":{\"@id\":\"https:\\\/\\\/www.amis-de-compostelle.fr\\\/en\\\/#organization\"},\"image\":{\"@id\":\"https:\\\/\\\/www.amis-de-compostelle.fr\\\/en\\\/our-general-meeting-2024\\\/#primaryimage\"},\"thumbnailUrl\":\"https:\\\/\\\/www.amis-de-compostelle.fr\\\/wp-content\\\/uploads\\\/2025\\\/02\\\/2025-02-15-AG-SFASJC-3-1024x771.jpg\",\"articleSection\":[\"SFASJC news\"],\"inLanguage\":\"en-US\"},{\"@type\":\"WebPage\",\"@id\":\"https:\\\/\\\/www.amis-de-compostelle.fr\\\/en\\\/our-general-meeting-2024\\\/\",\"url\":\"https:\\\/\\\/www.amis-de-compostelle.fr\\\/en\\\/our-general-meeting-2024\\\/\",\"name\":\"Our General Meeting 2024 &#060; Soci\u00e9t\u00e9 Fran\u00e7aise des Amis de Saint-Jacques de Compostelle\",\"isPartOf\":{\"@id\":\"https:\\\/\\\/www.amis-de-compostelle.fr\\\/en\\\/#website\"},\"primaryImageOfPage\":{\"@id\":\"https:\\\/\\\/www.amis-de-compostelle.fr\\\/en\\\/our-general-meeting-2024\\\/#primaryimage\"},\"image\":{\"@id\":\"https:\\\/\\\/www.amis-de-compostelle.fr\\\/en\\\/our-general-meeting-2024\\\/#primaryimage\"},\"thumbnailUrl\":\"https:\\\/\\\/www.amis-de-compostelle.fr\\\/wp-content\\\/uploads\\\/2025\\\/02\\\/2025-02-15-AG-SFASJC-3-1024x771.jpg\",\"datePublished\":\"2025-02-28T08:48:57+00:00\",\"dateModified\":\"2025-06-26T11:25:27+00:00\",\"breadcrumb\":{\"@id\":\"https:\\\/\\\/www.amis-de-compostelle.fr\\\/en\\\/our-general-meeting-2024\\\/#breadcrumb\"},\"inLanguage\":\"en-US\",\"potentialAction\":[{\"@type\":\"ReadAction\",\"target\":[\"https:\\\/\\\/www.amis-de-compostelle.fr\\\/en\\\/our-general-meeting-2024\\\/\"]}]},{\"@type\":\"ImageObject\",\"inLanguage\":\"en-US\",\"@id\":\"https:\\\/\\\/www.amis-de-compostelle.fr\\\/en\\\/our-general-meeting-2024\\\/#primaryimage\",\"url\":\"https:\\\/\\\/www.amis-de-compostelle.fr\\\/wp-content\\\/uploads\\\/2025\\\/02\\\/2025-02-15-AG-SFASJC-3-1024x771.jpg\",\"contentUrl\":\"https:\\\/\\\/www.amis-de-compostelle.fr\\\/wp-content\\\/uploads\\\/2025\\\/02\\\/2025-02-15-AG-SFASJC-3-1024x771.jpg\"},{\"@type\":\"BreadcrumbList\",\"@id\":\"https:\\\/\\\/www.amis-de-compostelle.fr\\\/en\\\/our-general-meeting-2024\\\/#breadcrumb\",\"itemListElement\":[{\"@type\":\"ListItem\",\"position\":1,\"name\":\"Accueil\",\"item\":\"https:\\\/\\\/www.amis-de-compostelle.fr\\\/en\\\/\"},{\"@type\":\"ListItem\",\"position\":2,\"name\":\"Our General Meeting 2024\"}]},{\"@type\":\"WebSite\",\"@id\":\"https:\\\/\\\/www.amis-de-compostelle.fr\\\/en\\\/#website\",\"url\":\"https:\\\/\\\/www.amis-de-compostelle.fr\\\/en\\\/\",\"name\":\"Soci\u00e9t\u00e9 Fran\u00e7aise des Amis de Saint-Jacques de Compostelle\",\"description\":\"La plus ancienne de toutes les associations jacquaires \u2013 depuis 1950\",\"publisher\":{\"@id\":\"https:\\\/\\\/www.amis-de-compostelle.fr\\\/en\\\/#organization\"},\"potentialAction\":[{\"@type\":\"SearchAction\",\"target\":{\"@type\":\"EntryPoint\",\"urlTemplate\":\"https:\\\/\\\/www.amis-de-compostelle.fr\\\/en\\\/?s={search_term_string}\"},\"query-input\":{\"@type\":\"PropertyValueSpecification\",\"valueRequired\":true,\"valueName\":\"search_term_string\"}}],\"inLanguage\":\"en-US\"},{\"@type\":\"Organization\",\"@id\":\"https:\\\/\\\/www.amis-de-compostelle.fr\\\/en\\\/#organization\",\"name\":\"SOCIETE FRANCAISE DES AMIS DE SAINT-JACQUES DE COMPOSTELLE\",\"url\":\"https:\\\/\\\/www.amis-de-compostelle.fr\\\/en\\\/\",\"logo\":{\"@type\":\"ImageObject\",\"inLanguage\":\"en-US\",\"@id\":\"https:\\\/\\\/www.amis-de-compostelle.fr\\\/en\\\/#\\\/schema\\\/logo\\\/image\\\/\",\"url\":\"https:\\\/\\\/www.amis-de-compostelle.fr\\\/wp-content\\\/uploads\\\/2021\\\/02\\\/cropped-SFASJ-logo.png\",\"contentUrl\":\"https:\\\/\\\/www.amis-de-compostelle.fr\\\/wp-content\\\/uploads\\\/2021\\\/02\\\/cropped-SFASJ-logo.png\",\"width\":512,\"height\":512,\"caption\":\"SOCIETE FRANCAISE DES AMIS DE SAINT-JACQUES DE COMPOSTELLE\"},\"image\":{\"@id\":\"https:\\\/\\\/www.amis-de-compostelle.fr\\\/en\\\/#\\\/schema\\\/logo\\\/image\\\/\"}},{\"@type\":\"Person\",\"@id\":\"https:\\\/\\\/www.amis-de-compostelle.fr\\\/en\\\/#\\\/schema\\\/person\\\/4422ec25f17ad467851c5e2198144b33\",\"name\":\"compostelle.asso\",\"image\":{\"@type\":\"ImageObject\",\"inLanguage\":\"en-US\",\"@id\":\"https:\\\/\\\/secure.gravatar.com\\\/avatar\\\/528001642e6b9844bb7fd442955a7b1479326dfc8a07444915cf44039b27c84f?s=96&d=mm&r=g\",\"url\":\"https:\\\/\\\/secure.gravatar.com\\\/avatar\\\/528001642e6b9844bb7fd442955a7b1479326dfc8a07444915cf44039b27c84f?s=96&d=mm&r=g\",\"contentUrl\":\"https:\\\/\\\/secure.gravatar.com\\\/avatar\\\/528001642e6b9844bb7fd442955a7b1479326dfc8a07444915cf44039b27c84f?s=96&d=mm&r=g\",\"caption\":\"compostelle.asso\"}}]}<\/script>\n<!-- \/ Yoast SEO plugin. -->","yoast_head_json":{"title":"Our General Meeting 2024 &#060; Soci\u00e9t\u00e9 Fran\u00e7aise des Amis de Saint-Jacques de Compostelle","robots":{"index":"index","follow":"follow","max-snippet":"max-snippet:-1","max-image-preview":"max-image-preview:large","max-video-preview":"max-video-preview:-1"},"canonical":"https:\/\/www.amis-de-compostelle.fr\/en\/our-general-meeting-2024\/","og_locale":"en_US","og_type":"article","og_title":"Our General Meeting 2024 &#060; Soci\u00e9t\u00e9 Fran\u00e7aise des Amis de Saint-Jacques de Compostelle","og_description":"It was held on February 15, 2024 at the Forum 104 On the agenda, in addition to approving the accounts and electing the new Board of Directors, there was the presentation of the Jacque awards...","og_url":"https:\/\/www.amis-de-compostelle.fr\/en\/our-general-meeting-2024\/","og_site_name":"Soci\u00e9t\u00e9 Fran\u00e7aise des Amis de Saint-Jacques de Compostelle","article_published_time":"2025-02-28T08:48:57+00:00","article_modified_time":"2025-06-26T11:25:27+00:00","og_image":[{"url":"https:\/\/www.amis-de-compostelle.fr\/wp-content\/uploads\/2025\/02\/2025-02-15-AG-SFASJC-3-1024x771.jpg","type":"","width":"","height":""}],"author":"compostelle.asso","twitter_card":"summary_large_image","twitter_misc":{"Written by":"compostelle.asso","Est. reading time":"2 minutes"},"schema":{"@context":"https:\/\/schema.org","@graph":[{"@type":"Article","@id":"https:\/\/www.amis-de-compostelle.fr\/en\/our-general-meeting-2024\/#article","isPartOf":{"@id":"https:\/\/www.amis-de-compostelle.fr\/en\/our-general-meeting-2024\/"},"author":{"name":"compostelle.asso","@id":"https:\/\/www.amis-de-compostelle.fr\/en\/#\/schema\/person\/4422ec25f17ad467851c5e2198144b33"},"headline":"Our General Meeting 2024","datePublished":"2025-02-28T08:48:57+00:00","dateModified":"2025-06-26T11:25:27+00:00","mainEntityOfPage":{"@id":"https:\/\/www.amis-de-compostelle.fr\/en\/our-general-meeting-2024\/"},"wordCount":402,"publisher":{"@id":"https:\/\/www.amis-de-compostelle.fr\/en\/#organization"},"image":{"@id":"https:\/\/www.amis-de-compostelle.fr\/en\/our-general-meeting-2024\/#primaryimage"},"thumbnailUrl":"https:\/\/www.amis-de-compostelle.fr\/wp-content\/uploads\/2025\/02\/2025-02-15-AG-SFASJC-3-1024x771.jpg","articleSection":["SFASJC news"],"inLanguage":"en-US"},{"@type":"WebPage","@id":"https:\/\/www.amis-de-compostelle.fr\/en\/our-general-meeting-2024\/","url":"https:\/\/www.amis-de-compostelle.fr\/en\/our-general-meeting-2024\/","name":"Our General Meeting 2024 &#060; Soci\u00e9t\u00e9 Fran\u00e7aise des Amis de Saint-Jacques de Compostelle","isPartOf":{"@id":"https:\/\/www.amis-de-compostelle.fr\/en\/#website"},"primaryImageOfPage":{"@id":"https:\/\/www.amis-de-compostelle.fr\/en\/our-general-meeting-2024\/#primaryimage"},"image":{"@id":"https:\/\/www.amis-de-compostelle.fr\/en\/our-general-meeting-2024\/#primaryimage"},"thumbnailUrl":"https:\/\/www.amis-de-compostelle.fr\/wp-content\/uploads\/2025\/02\/2025-02-15-AG-SFASJC-3-1024x771.jpg","datePublished":"2025-02-28T08:48:57+00:00","dateModified":"2025-06-26T11:25:27+00:00","breadcrumb":{"@id":"https:\/\/www.amis-de-compostelle.fr\/en\/our-general-meeting-2024\/#breadcrumb"},"inLanguage":"en-US","potentialAction":[{"@type":"ReadAction","target":["https:\/\/www.amis-de-compostelle.fr\/en\/our-general-meeting-2024\/"]}]},{"@type":"ImageObject","inLanguage":"en-US","@id":"https:\/\/www.amis-de-compostelle.fr\/en\/our-general-meeting-2024\/#primaryimage","url":"https:\/\/www.amis-de-compostelle.fr\/wp-content\/uploads\/2025\/02\/2025-02-15-AG-SFASJC-3-1024x771.jpg","contentUrl":"https:\/\/www.amis-de-compostelle.fr\/wp-content\/uploads\/2025\/02\/2025-02-15-AG-SFASJC-3-1024x771.jpg"},{"@type":"BreadcrumbList","@id":"https:\/\/www.amis-de-compostelle.fr\/en\/our-general-meeting-2024\/#breadcrumb","itemListElement":[{"@type":"ListItem","position":1,"name":"Accueil","item":"https:\/\/www.amis-de-compostelle.fr\/en\/"},{"@type":"ListItem","position":2,"name":"Our General Meeting 2024"}]},{"@type":"WebSite","@id":"https:\/\/www.amis-de-compostelle.fr\/en\/#website","url":"https:\/\/www.amis-de-compostelle.fr\/en\/","name":"Soci\u00e9t\u00e9 Fran\u00e7aise des Amis de Saint-Jacques de Compostelle","description":"La plus ancienne de toutes les associations jacquaires \u2013 depuis 1950","publisher":{"@id":"https:\/\/www.amis-de-compostelle.fr\/en\/#organization"},"potentialAction":[{"@type":"SearchAction","target":{"@type":"EntryPoint","urlTemplate":"https:\/\/www.amis-de-compostelle.fr\/en\/?s={search_term_string}"},"query-input":{"@type":"PropertyValueSpecification","valueRequired":true,"valueName":"search_term_string"}}],"inLanguage":"en-US"},{"@type":"Organization","@id":"https:\/\/www.amis-de-compostelle.fr\/en\/#organization","name":"SOCIETE FRANCAISE DES AMIS DE SAINT-JACQUES DE COMPOSTELLE","url":"https:\/\/www.amis-de-compostelle.fr\/en\/","logo":{"@type":"ImageObject","inLanguage":"en-US","@id":"https:\/\/www.amis-de-compostelle.fr\/en\/#\/schema\/logo\/image\/","url":"https:\/\/www.amis-de-compostelle.fr\/wp-content\/uploads\/2021\/02\/cropped-SFASJ-logo.png","contentUrl":"https:\/\/www.amis-de-compostelle.fr\/wp-content\/uploads\/2021\/02\/cropped-SFASJ-logo.png","width":512,"height":512,"caption":"SOCIETE FRANCAISE DES AMIS DE SAINT-JACQUES DE COMPOSTELLE"},"image":{"@id":"https:\/\/www.amis-de-compostelle.fr\/en\/#\/schema\/logo\/image\/"}},{"@type":"Person","@id":"https:\/\/www.amis-de-compostelle.fr\/en\/#\/schema\/person\/4422ec25f17ad467851c5e2198144b33","name":"compostelle.asso","image":{"@type":"ImageObject","inLanguage":"en-US","@id":"https:\/\/secure.gravatar.com\/avatar\/528001642e6b9844bb7fd442955a7b1479326dfc8a07444915cf44039b27c84f?s=96&d=mm&r=g","url":"https:\/\/secure.gravatar.com\/avatar\/528001642e6b9844bb7fd442955a7b1479326dfc8a07444915cf44039b27c84f?s=96&d=mm&r=g","contentUrl":"https:\/\/secure.gravatar.com\/avatar\/528001642e6b9844bb7fd442955a7b1479326dfc8a07444915cf44039b27c84f?s=96&d=mm&r=g","caption":"compostelle.asso"}}]}},"_links":{"self":[{"href":"https:\/\/www.amis-de-compostelle.fr\/en\/wp-json\/wp\/v2\/posts\/8001","targetHints":{"allow":["GET"]}}],"collection":[{"href":"https:\/\/www.amis-de-compostelle.fr\/en\/wp-json\/wp\/v2\/posts"}],"about":[{"href":"https:\/\/www.amis-de-compostelle.fr\/en\/wp-json\/wp\/v2\/types\/post"}],"author":[{"embeddable":true,"href":"https:\/\/www.amis-de-compostelle.fr\/en\/wp-json\/wp\/v2\/users\/4"}],"replies":[{"embeddable":true,"href":"https:\/\/www.amis-de-compostelle.fr\/en\/wp-json\/wp\/v2\/comments?post=8001"}],"version-history":[{"count":1,"href":"https:\/\/www.amis-de-compostelle.fr\/en\/wp-json\/wp\/v2\/posts\/8001\/revisions"}],"predecessor-version":[{"id":8002,"href":"https:\/\/www.amis-de-compostelle.fr\/en\/wp-json\/wp\/v2\/posts\/8001\/revisions\/8002"}],"wp:attachment":[{"href":"https:\/\/www.amis-de-compostelle.fr\/en\/wp-json\/wp\/v2\/media?parent=8001"}],"wp:term":[{"taxonomy":"category","embeddable":true,"href":"https:\/\/www.amis-de-compostelle.fr\/en\/wp-json\/wp\/v2\/categories?post=8001"},{"taxonomy":"post_tag","embeddable":true,"href":"https:\/\/www.amis-de-compostelle.fr\/en\/wp-json\/wp\/v2\/tags?post=8001"}],"curies":[{"name":"wp","href":"https:\/\/api.w.org\/{rel}","templated":true}]}}