{"id":9154,"global_id":"www.amis-de-compostelle.fr\/es\/?id=9154","global_id_lineage":["www.amis-de-compostelle.fr\/es\/?id=9154"],"author":"4","status":"publish","date":"2023-08-02 23:10:14","date_utc":"2023-08-02 21:10:14","modified":"2023-08-02 23:10:14","modified_utc":"2023-08-02 21:10:14","url":"https:\/\/www.amis-de-compostelle.fr\/es\/evenement\/paseo-relatado-de-coignieres-a-le-perray-pasando-por-unos-parajes-preciosos\/","rest_url":"https:\/\/www.amis-de-compostelle.fr\/es\/wp-json\/tribe\/events\/v1\/events\/9154","title":"Paseo relatado de Coigni\u00e8res a Le Perray, pasando por unos parajes preciosos","description":"","excerpt":"","slug":"paseo-relatado-de-coignieres-a-le-perray-pasando-por-unos-parajes-preciosos","image":false,"all_day":false,"start_date":"2023-09-03 08:00:00","start_date_details":{"year":"2023","month":"09","day":"03","hour":"08","minutes":"00","seconds":"00"},"end_date":"2023-09-03 17:00:00","end_date_details":{"year":"2023","month":"09","day":"03","hour":"17","minutes":"00","seconds":"00"},"utc_start_date":"2023-09-03 06:00:00","utc_start_date_details":{"year":"2023","month":"09","day":"03","hour":"06","minutes":"00","seconds":"00"},"utc_end_date":"2023-09-03 15:00:00","utc_end_date_details":{"year":"2023","month":"09","day":"03","hour":"15","minutes":"00","seconds":"00"},"timezone":"Europe\/Paris","timezone_abbr":"CEST","cost":"","cost_details":{"currency_symbol":"","currency_code":"","currency_position":"","values":[]},"website":"https:\/\/www.amis-de-compostelle.fr\/es\/evenement\/paseo-relatado-de-coignieres-a-le-perray-pasando-por-unos-parajes-preciosos\/","show_map":true,"show_map_link":true,"hide_from_listings":false,"sticky":false,"featured":false,"categories":[{"name":"Paseo preparatorio","slug":"paseo-preparatorio","term_group":0,"term_taxonomy_id":56,"taxonomy":"tribe_events_cat","description":"","parent":0,"count":114,"filter":"raw","id":56,"urls":{"self":"https:\/\/www.amis-de-compostelle.fr\/es\/wp-json\/tribe\/events\/v1\/categories\/56","collection":"https:\/\/www.amis-de-compostelle.fr\/es\/wp-json\/tribe\/events\/v1\/categories"}}],"tags":[],"venue":[],"organizer":[{"id":8853,"author":"4","status":"publish","date":"2023-04-29 18:44:16","date_utc":"2023-04-29 16:44:16","modified":"2023-04-29 18:44:16","modified_utc":"2023-04-29 16:44:16","url":"https:\/\/www.amis-de-compostelle.fr\/es\/organizador\/blandine-beaudouin\/","organizer":"Blandine BEAUDOUIN","slug":"blandine-beaudouin","phone":"06 83 44 87 12","json_ld":{"@type":"Person","name":"Blandine BEAUDOUIN","description":"","url":"","telephone":"06 83 44 87 12","email":"","sameAs":""},"global_id":"www.amis-de-compostelle.fr\/es\/?id=8853","global_id_lineage":["www.amis-de-compostelle.fr\/es\/?id=8853"]}],"custom_fields":[],"json_ld":{"@context":"http:\/\/schema.org","@type":"Event","name":"Paseo relatado de Coigni\u00e8res a Le Perray, pasando por unos parajes preciosos","description":"&lt;p&gt;Debido a un contratiempo de \u00faltima hora, la marcha de Coigni\u00e8res a Le Perray, que atravesar\u00e1 bellos paisajes, prevista inicialmente para el 27 de agosto, se ha aplazado al 3 [&hellip;]&lt;\/p&gt;\\n","url":"https:\/\/www.amis-de-compostelle.fr\/es\/evenement\/paseo-relatado-de-coignieres-a-le-perray-pasando-por-unos-parajes-preciosos\/","eventAttendanceMode":"https:\/\/schema.org\/OfflineEventAttendanceMode","eventStatus":"https:\/\/schema.org\/EventScheduled","startDate":"2023-09-03T08:00:00+02:00","endDate":"2023-09-03T17:00:00+02:00","organizer":{"@type":"Person","name":"Blandine BEAUDOUIN","description":"","url":"","telephone":"06 83 44 87 12","email":"","sameAs":""},"performer":"Organization"}}