{"id":9279,"global_id":"www.amis-de-compostelle.fr\/es\/?id=9279","global_id_lineage":["www.amis-de-compostelle.fr\/es\/?id=9279"],"author":"4","status":"publish","date":"2022-10-13 10:51:34","date_utc":"2022-10-13 08:51:34","modified":"2022-10-13 10:51:34","modified_utc":"2022-10-13 08:51:34","url":"https:\/\/www.amis-de-compostelle.fr\/es\/evenement\/mesa-redonda-por-que-emprender-un-viaje\/","rest_url":"https:\/\/www.amis-de-compostelle.fr\/es\/wp-json\/tribe\/events\/v1\/events\/9279","title":"Mesa redonda &#8211; \u00bfPor qu\u00e9 emprender un viaje?","description":"","excerpt":"","slug":"mesa-redonda-por-que-emprender-un-viaje","image":{"url":"https:\/\/www.amis-de-compostelle.fr\/wp-content\/uploads\/2022\/10\/Pourquoi-se-mettre-en-chemin.jpg","id":6750,"extension":"jpg","width":550,"height":289,"filesize":81240,"sizes":{"medium":{"width":300,"height":158,"mime-type":"image\/jpeg","filesize":17424,"url":"https:\/\/www.amis-de-compostelle.fr\/wp-content\/uploads\/2022\/10\/Pourquoi-se-mettre-en-chemin-300x158.jpg"},"thumbnail":{"width":150,"height":150,"mime-type":"image\/jpeg","filesize":8848,"url":"https:\/\/www.amis-de-compostelle.fr\/wp-content\/uploads\/2022\/10\/Pourquoi-se-mettre-en-chemin-150x150.jpg"}}},"all_day":false,"start_date":"2022-11-18 19:30:00","start_date_details":{"year":"2022","month":"11","day":"18","hour":"19","minutes":"30","seconds":"00"},"end_date":"2022-11-18 22:00:00","end_date_details":{"year":"2022","month":"11","day":"18","hour":"22","minutes":"00","seconds":"00"},"utc_start_date":"2022-11-18 18:30:00","utc_start_date_details":{"year":"2022","month":"11","day":"18","hour":"18","minutes":"30","seconds":"00"},"utc_end_date":"2022-11-18 21:00:00","utc_end_date_details":{"year":"2022","month":"11","day":"18","hour":"21","minutes":"00","seconds":"00"},"timezone":"Europe\/Paris","timezone_abbr":"CET","cost":"$8","cost_details":{"currency_symbol":"","currency_code":"","currency_position":"","values":["8"]},"website":"https:\/\/www.amis-de-compostelle.fr\/es\/evenement\/mesa-redonda-por-que-emprender-un-viaje\/","show_map":true,"show_map_link":true,"hide_from_listings":false,"sticky":false,"featured":false,"categories":[{"name":"Conferencia","slug":"conferencia","term_group":0,"term_taxonomy_id":58,"taxonomy":"tribe_events_cat","description":"","parent":0,"count":29,"filter":"raw","id":58,"urls":{"self":"https:\/\/www.amis-de-compostelle.fr\/es\/wp-json\/tribe\/events\/v1\/categories\/58","collection":"https:\/\/www.amis-de-compostelle.fr\/es\/wp-json\/tribe\/events\/v1\/categories"}}],"tags":[],"venue":{"id":8967,"author":"4","status":"publish","date":"2021-10-28 15:27:20","date_utc":"2021-10-28 13:27:20","modified":"2021-10-28 15:27:20","modified_utc":"2021-10-28 13:27:20","url":"https:\/\/www.amis-de-compostelle.fr\/es\/local\/foro-104\/","venue":"Foro 104","slug":"foro-104","address":"104, rue de Vaugirard","city":"PAR\u00cdS","zip":"75006","json_ld":{"@type":"Place","name":"Foro 104","description":"","url":"","address":{"@type":"PostalAddress","streetAddress":"104, rue de Vaugirard","addressLocality":"PAR\u00cdS","postalCode":"75006"},"telephone":"","sameAs":""},"show_map":true,"show_map_link":true,"global_id":"www.amis-de-compostelle.fr\/es\/?id=8967","global_id_lineage":["www.amis-de-compostelle.fr\/es\/?id=8967"]},"organizer":[{"id":8902,"author":"4","status":"publish","date":"2021-03-08 23:06:09","date_utc":"2021-03-08 22:06:09","modified":"2021-03-08 23:06:09","modified_utc":"2021-03-08 22:06:09","url":"https:\/\/www.amis-de-compostelle.fr\/es\/organizador\/el-semanario-le-pelerin-compostelle-2000-la-societe-des-amis-de-saint-jacques-y-forum104\/","organizer":"el semanario Le P\u00e8lerin, Compostelle 2000, la Soci\u00e9t\u00e9 des Amis de Saint-Jacques y Forum104","slug":"el-semanario-le-pelerin-compostelle-2000-la-societe-des-amis-de-saint-jacques-y-forum104","json_ld":{"@type":"Person","name":"el semanario Le P\u00e8lerin, Compostelle 2000, la Soci\u00e9t\u00e9 des Amis de Saint-Jacques y Forum104","description":"","url":"","telephone":"","email":"","sameAs":""},"global_id":"www.amis-de-compostelle.fr\/es\/?id=8902","global_id_lineage":["www.amis-de-compostelle.fr\/es\/?id=8902"]},{"id":8874,"author":"4","status":"publish","date":"2022-10-13 10:51:34","date_utc":"2022-10-13 08:51:34","modified":"2022-10-13 10:51:34","modified_utc":"2022-10-13 08:51:34","url":"https:\/\/www.amis-de-compostelle.fr\/es\/organizador\/la-procure\/","organizer":"La Procure","slug":"la-procure","json_ld":{"@type":"Person","name":"La Procure","description":"","url":"","telephone":"","email":"","sameAs":""},"global_id":"www.amis-de-compostelle.fr\/es\/?id=8874","global_id_lineage":["www.amis-de-compostelle.fr\/es\/?id=8874"]}],"custom_fields":[],"json_ld":{"@context":"http:\/\/schema.org","@type":"Event","name":"Mesa redonda &#8211; \u00bfPor qu\u00e9 emprender un viaje?","description":"&lt;p&gt;En el marco del ciclo &quot;Des chemins et des hommes&quot; para 2022\/2023 Una mesa redonda con Gilles Donada, Marie-\u00c9dith Laval y R\u00e9my Oudghiri, moderada por Fr\u00e9d\u00e9ric Rochet, Director de Forum104 [&hellip;]&lt;\/p&gt;\\n","image":"https:\/\/www.amis-de-compostelle.fr\/wp-content\/uploads\/2022\/10\/Pourquoi-se-mettre-en-chemin.jpg","url":"https:\/\/www.amis-de-compostelle.fr\/es\/evenement\/mesa-redonda-por-que-emprender-un-viaje\/","eventAttendanceMode":"https:\/\/schema.org\/OfflineEventAttendanceMode","eventStatus":"https:\/\/schema.org\/EventScheduled","startDate":"2022-11-18T19:30:00+01:00","endDate":"2022-11-18T22:00:00+01:00","location":{"@type":"Place","name":"Foro 104","description":"","url":"","address":{"@type":"PostalAddress","streetAddress":"104, rue de Vaugirard","addressLocality":"PAR\u00cdS","postalCode":"75006"},"telephone":"","sameAs":""},"organizer":{"@type":"Person","name":"el semanario Le P\u00e8lerin, Compostelle 2000, la Soci\u00e9t\u00e9 des Amis de Saint-Jacques y Forum104","description":"","url":"","telephone":"","email":"","sameAs":""},"offers":{"@type":"Offer","price":"8","priceCurrency":"USD","url":"https:\/\/www.amis-de-compostelle.fr\/es\/evenement\/mesa-redonda-por-que-emprender-un-viaje\/","category":"primary","availability":"inStock","validFrom":"1970-01-01T00:00:00+00:00"},"performer":"Organization"}}