{"id":9516,"global_id":"www.amis-de-compostelle.fr\/es\/?id=9516","global_id_lineage":["www.amis-de-compostelle.fr\/es\/?id=9516"],"author":"4","status":"publish","date":"2024-05-13 21:54:40","date_utc":"2024-05-13 19:54:40","modified":"2024-05-13 21:54:40","modified_utc":"2024-05-13 19:54:40","url":"https:\/\/www.amis-de-compostelle.fr\/es\/evenement\/fin-de-semana-peregrinos-vivir-el-espiritu-del-camino-y-la-hospitalidad\/","rest_url":"https:\/\/www.amis-de-compostelle.fr\/es\/wp-json\/tribe\/events\/v1\/events\/9516","title":"Fin de semana: \u00abPeregrinos: vivir el esp\u00edritu del camino y la hospitalidad\u00bb.","description":"","excerpt":"","slug":"fin-de-semana-peregrinos-vivir-el-espiritu-del-camino-y-la-hospitalidad","image":{"url":"https:\/\/www.amis-de-compostelle.fr\/wp-content\/uploads\/2024\/05\/unnamed.jpg","id":7395,"extension":"jpg","width":2083,"height":1092,"filesize":817257,"sizes":{"medium":{"width":300,"height":157,"mime-type":"image\/jpeg","filesize":20331,"url":"https:\/\/www.amis-de-compostelle.fr\/wp-content\/uploads\/2024\/05\/unnamed-300x157.jpg"},"large":{"width":1024,"height":537,"mime-type":"image\/jpeg","filesize":168419,"url":"https:\/\/www.amis-de-compostelle.fr\/wp-content\/uploads\/2024\/05\/unnamed-1024x537.jpg"},"thumbnail":{"width":150,"height":150,"mime-type":"image\/jpeg","filesize":10911,"url":"https:\/\/www.amis-de-compostelle.fr\/wp-content\/uploads\/2024\/05\/unnamed-150x150.jpg"},"medium_large":{"width":768,"height":403,"mime-type":"image\/jpeg","filesize":102176,"url":"https:\/\/www.amis-de-compostelle.fr\/wp-content\/uploads\/2024\/05\/unnamed-768x403.jpg"},"1536x1536":{"width":1536,"height":805,"mime-type":"image\/jpeg","filesize":334130,"url":"https:\/\/www.amis-de-compostelle.fr\/wp-content\/uploads\/2024\/05\/unnamed-1536x805.jpg"},"2048x2048":{"width":2048,"height":1074,"mime-type":"image\/jpeg","filesize":539387,"url":"https:\/\/www.amis-de-compostelle.fr\/wp-content\/uploads\/2024\/05\/unnamed-2048x1074.jpg"}}},"all_day":true,"start_date":"2024-06-22 00:00:00","start_date_details":{"year":"2024","month":"06","day":"22","hour":"00","minutes":"00","seconds":"00"},"end_date":"2024-06-23 23:59:59","end_date_details":{"year":"2024","month":"06","day":"23","hour":"23","minutes":"59","seconds":"59"},"utc_start_date":"2024-06-21 22:00:00","utc_start_date_details":{"year":"2024","month":"06","day":"21","hour":"22","minutes":"00","seconds":"00"},"utc_end_date":"2024-06-23 21:59:59","utc_end_date_details":{"year":"2024","month":"06","day":"23","hour":"21","minutes":"59","seconds":"59"},"timezone":"Europe\/Paris","timezone_abbr":"CEST","cost":"","cost_details":{"currency_symbol":"","currency_code":"","currency_position":"","values":[]},"website":"https:\/\/www.amis-de-compostelle.fr\/es\/evenement\/fin-de-semana-peregrinos-vivir-el-espiritu-del-camino-y-la-hospitalidad\/","show_map":true,"show_map_link":true,"hide_from_listings":false,"sticky":false,"featured":false,"categories":[{"name":"Noticias","slug":"noticias","term_group":0,"term_taxonomy_id":61,"taxonomy":"tribe_events_cat","description":"Un evento que no es espec\u00edfico de la asociaci\u00f3n, pero que se refiere a un evento actual en la ruta.","parent":0,"count":40,"filter":"raw","id":61,"urls":{"self":"https:\/\/www.amis-de-compostelle.fr\/es\/wp-json\/tribe\/events\/v1\/categories\/61","collection":"https:\/\/www.amis-de-compostelle.fr\/es\/wp-json\/tribe\/events\/v1\/categories"}}],"tags":[],"venue":{"id":8938,"author":"4","status":"publish","date":"2023-04-26 18:38:04","date_utc":"2023-04-26 16:38:04","modified":"2023-04-26 18:38:04","modified_utc":"2023-04-26 16:38:04","url":"https:\/\/www.amis-de-compostelle.fr\/es\/local\/vezelay\/","venue":"Vezelay","slug":"vezelay","json_ld":{"@type":"Place","name":"Vezelay","description":"","url":"","address":{"@type":"PostalAddress"},"telephone":"","sameAs":""},"show_map":true,"show_map_link":true,"global_id":"www.amis-de-compostelle.fr\/es\/?id=8938","global_id_lineage":["www.amis-de-compostelle.fr\/es\/?id=8938"]},"organizer":[{"id":8848,"author":"4","status":"publish","date":"2023-04-26 18:33:30","date_utc":"2023-04-26 16:33:30","modified":"2023-04-26 18:33:30","modified_utc":"2023-04-26 16:33:30","url":"https:\/\/www.amis-de-compostelle.fr\/es\/organizador\/fraternidades-monasticas-de-jerusalen\/","organizer":"Fraternidades mon\u00e1sticas de Jerusal\u00e9n","slug":"fraternidades-monasticas-de-jerusalen","json_ld":{"@type":"Person","name":"Fraternidades mon\u00e1sticas de Jerusal\u00e9n","description":"","url":"","telephone":"","email":"","sameAs":""},"global_id":"www.amis-de-compostelle.fr\/es\/?id=8848","global_id_lineage":["www.amis-de-compostelle.fr\/es\/?id=8848"]},{"id":8893,"author":"4","status":"publish","date":"2021-03-18 11:08:04","date_utc":"2021-03-18 10:08:04","modified":"2021-03-18 11:08:04","modified_utc":"2021-03-18 10:08:04","url":"https:\/\/www.amis-de-compostelle.fr\/es\/organizador\/le-pelerin\/","organizer":"Le P\u00e9lerin","slug":"le-pelerin","json_ld":{"@type":"Person","name":"Le P\u00e9lerin","description":"","url":"","telephone":"","email":"","sameAs":""},"global_id":"www.amis-de-compostelle.fr\/es\/?id=8893","global_id_lineage":["www.amis-de-compostelle.fr\/es\/?id=8893"]}],"custom_fields":[],"json_ld":{"@context":"http:\/\/schema.org","@type":"Event","name":"Fin de semana: \u00abPeregrinos: vivir el esp\u00edritu del camino y la hospitalidad\u00bb.","description":"&lt;p&gt;Fin de semana: &quot;Peregrinos: vivir el esp\u00edritu del camino y la hospitalidad&quot;. Las Fraternidades Mon\u00e1sticas de Jerusal\u00e9n y el semanario Le P\u00e8lerin proponen un fin de semana en V\u00e9zelay (Yonne) [&hellip;]&lt;\/p&gt;\\n","image":"https:\/\/www.amis-de-compostelle.fr\/wp-content\/uploads\/2024\/05\/unnamed.jpg","url":"https:\/\/www.amis-de-compostelle.fr\/es\/evenement\/fin-de-semana-peregrinos-vivir-el-espiritu-del-camino-y-la-hospitalidad\/","eventAttendanceMode":"https:\/\/schema.org\/OfflineEventAttendanceMode","eventStatus":"https:\/\/schema.org\/EventScheduled","startDate":"2024-06-22T00:00:00+02:00","endDate":"2024-06-23T23:59:59+02:00","location":{"@type":"Place","name":"Vezelay","description":"","url":"","address":{"@type":"PostalAddress"},"telephone":"","sameAs":""},"organizer":{"@type":"Person","name":"Fraternidades mon\u00e1sticas de Jerusal\u00e9n","description":"","url":"","telephone":"","email":"","sameAs":""},"performer":"Organization"}}