{"id":8544,"date":"2021-07-20T11:27:05","date_gmt":"2021-07-20T09:27:05","guid":{"rendered":"https:\/\/www.amis-de-compostelle.fr\/julio-del-presidente-dos-anos-santos\/"},"modified":"2025-06-26T13:29:26","modified_gmt":"2025-06-26T11:29:26","slug":"julio-del-presidente-dos-anos-santos","status":"publish","type":"post","link":"https:\/\/www.amis-de-compostelle.fr\/es\/julio-del-presidente-dos-anos-santos\/","title":{"rendered":"Julio &#8211; Del Presidente &#8211; Dos a\u00f1os santos"},"content":{"rendered":"","protected":false},"excerpt":{"rendered":"","protected":false},"author":4,"featured_media":0,"comment_status":"open","ping_status":"open","sticky":false,"template":"","format":"standard","meta":{"_acf_changed":false,"inline_featured_image":false,"_EventAllDay":false,"_EventTimezone":"","_EventStartDate":"","_EventEndDate":"","_EventStartDateUTC":"","_EventEndDateUTC":"","_EventShowMap":false,"_EventShowMapLink":false,"_EventURL":"","_EventCost":"","_EventCostDescription":"","_EventCurrencySymbol":"","_EventCurrencyCode":"","_EventCurrencyPosition":"","_EventDateTimeSeparator":"","_EventTimeRangeSeparator":"","_EventOrganizerID":[],"_EventVenueID":[],"_OrganizerEmail":"","_OrganizerPhone":"","_OrganizerWebsite":"","_VenueAddress":"","_VenueCity":"","_VenueCountry":"","_VenueProvince":"","_VenueState":"","_VenueZip":"","_VenuePhone":"","_VenueURL":"","_VenueStateProvince":"","_VenueLat":"","_VenueLng":"","_VenueShowMap":false,"_VenueShowMapLink":false,"footnotes":""},"categories":[33],"tags":[],"class_list":["post-8544","post","type-post","status-publish","format-standard","hentry","category-sin-categoria"],"acf":[],"yoast_head":"<!-- This site is optimized with the Yoast SEO plugin v27.5 - https:\/\/yoast.com\/product\/yoast-seo-wordpress\/ -->\n<title>Julio - Del Presidente - Dos a\u00f1os santos &#060; Soci\u00e9t\u00e9 Fran\u00e7aise des Amis de Saint-Jacques de Compostelle<\/title>\n<meta name=\"robots\" content=\"index, follow, max-snippet:-1, max-image-preview:large, max-video-preview:-1\" \/>\n<link rel=\"canonical\" href=\"https:\/\/www.amis-de-compostelle.fr\/es\/julio-del-presidente-dos-anos-santos\/\" \/>\n<meta property=\"og:locale\" content=\"es_ES\" \/>\n<meta property=\"og:type\" content=\"article\" \/>\n<meta property=\"og:title\" content=\"Julio - Del Presidente - Dos a\u00f1os santos &#060; Soci\u00e9t\u00e9 Fran\u00e7aise des Amis de Saint-Jacques de Compostelle\" \/>\n<meta property=\"og:url\" content=\"https:\/\/www.amis-de-compostelle.fr\/es\/julio-del-presidente-dos-anos-santos\/\" \/>\n<meta property=\"og:site_name\" content=\"Soci\u00e9t\u00e9 Fran\u00e7aise des Amis de Saint-Jacques de Compostelle\" \/>\n<meta property=\"article:published_time\" content=\"2021-07-20T09:27:05+00:00\" \/>\n<meta property=\"article:modified_time\" content=\"2025-06-26T11:29:26+00:00\" \/>\n<meta property=\"og:image\" content=\"https:\/\/ci6.googleusercontent.com\/proxy\/shqXvk6RAC1dMe0k2kIdhhFQ465NKe_uZvEd2VRVzkq1AbettKMS6-AzIWXOuX0WS1h-FMkURvytr99VpBOD2zjpKYNxEHHGuU8Le40EI8CVkqoSCUSJgKa_hrN24QjbexTkVImm-Ks5XoVGh58N1uJgqLGnGXamNLp1HJVhuUo_Nd1VsPU0XDMI2_Vp7GBuJwxP-4DMZiORVQVekbkeAo1uaUpmoxaUCjYEBncafgcw4AAX4IEvHaxPJzLCxedB0NEEb_9Y2qSIASLnFakpMooyOVU58oVOzGY-J_jSQqg6PHBIFuwhsUNi83mmIPtwoAsLtywRgkKOODx14OfMT3aCulFHksVNIbXIXxMXBnWMYdY4bwbetI8DwCg4ijvwy1_WwUnFklLFtiXCqJPgxlrAjhgi2Z5tDZyyqFjK-M8RFjYQ=s0-d-e1-ft#https:\/\/37x0l.img.a.d.sendibm1.com\/im\/1989919\/15fd9f264001efa0668072cabf04073d203e1c628b776e87506daf3661b832d6.gif?e=EfSodYeFxJ5gGRNh1WpzPDSF_5tA4hG6DyxVjBC7sgzeZnMsxhk4HGTxLTqSni2hLrSbAWz4RFjmobhghPIJieoAd0MbAFa4kuvZHaEJXmWW0tgOPOGdwFwAQXPZfEsFq7td4tcBDcMSeSsL7YmdrnZfG_rWSSAJ-zcSsxpkr9ukAp7PE5kyqo4uWHY\" \/>\n<meta name=\"author\" content=\"compostelle.asso\" \/>\n<meta name=\"twitter:card\" content=\"summary_large_image\" \/>\n<meta name=\"twitter:label1\" content=\"Escrito por\" \/>\n\t<meta name=\"twitter:data1\" content=\"compostelle.asso\" \/>\n\t<meta name=\"twitter:label2\" content=\"Tiempo de lectura\" \/>\n\t<meta name=\"twitter:data2\" content=\"1 minuto\" \/>\n<script type=\"application\/ld+json\" class=\"yoast-schema-graph\">{\"@context\":\"https:\\\/\\\/schema.org\",\"@graph\":[{\"@type\":\"Article\",\"@id\":\"https:\\\/\\\/www.amis-de-compostelle.fr\\\/es\\\/julio-del-presidente-dos-anos-santos\\\/#article\",\"isPartOf\":{\"@id\":\"https:\\\/\\\/www.amis-de-compostelle.fr\\\/es\\\/julio-del-presidente-dos-anos-santos\\\/\"},\"author\":{\"name\":\"compostelle.asso\",\"@id\":\"https:\\\/\\\/www.amis-de-compostelle.fr\\\/es\\\/#\\\/schema\\\/person\\\/4422ec25f17ad467851c5e2198144b33\"},\"headline\":\"Julio &#8211; Del Presidente &#8211; Dos a\u00f1os santos\",\"datePublished\":\"2021-07-20T09:27:05+00:00\",\"dateModified\":\"2025-06-26T11:29:26+00:00\",\"mainEntityOfPage\":{\"@id\":\"https:\\\/\\\/www.amis-de-compostelle.fr\\\/es\\\/julio-del-presidente-dos-anos-santos\\\/\"},\"wordCount\":232,\"commentCount\":0,\"publisher\":{\"@id\":\"https:\\\/\\\/www.amis-de-compostelle.fr\\\/es\\\/#organization\"},\"image\":{\"@id\":\"https:\\\/\\\/www.amis-de-compostelle.fr\\\/es\\\/julio-del-presidente-dos-anos-santos\\\/#primaryimage\"},\"thumbnailUrl\":\"https:\\\/\\\/ci6.googleusercontent.com\\\/proxy\\\/shqXvk6RAC1dMe0k2kIdhhFQ465NKe_uZvEd2VRVzkq1AbettKMS6-AzIWXOuX0WS1h-FMkURvytr99VpBOD2zjpKYNxEHHGuU8Le40EI8CVkqoSCUSJgKa_hrN24QjbexTkVImm-Ks5XoVGh58N1uJgqLGnGXamNLp1HJVhuUo_Nd1VsPU0XDMI2_Vp7GBuJwxP-4DMZiORVQVekbkeAo1uaUpmoxaUCjYEBncafgcw4AAX4IEvHaxPJzLCxedB0NEEb_9Y2qSIASLnFakpMooyOVU58oVOzGY-J_jSQqg6PHBIFuwhsUNi83mmIPtwoAsLtywRgkKOODx14OfMT3aCulFHksVNIbXIXxMXBnWMYdY4bwbetI8DwCg4ijvwy1_WwUnFklLFtiXCqJPgxlrAjhgi2Z5tDZyyqFjK-M8RFjYQ=s0-d-e1-ft#https:\\\/\\\/37x0l.img.a.d.sendibm1.com\\\/im\\\/1989919\\\/15fd9f264001efa0668072cabf04073d203e1c628b776e87506daf3661b832d6.gif?e=EfSodYeFxJ5gGRNh1WpzPDSF_5tA4hG6DyxVjBC7sgzeZnMsxhk4HGTxLTqSni2hLrSbAWz4RFjmobhghPIJieoAd0MbAFa4kuvZHaEJXmWW0tgOPOGdwFwAQXPZfEsFq7td4tcBDcMSeSsL7YmdrnZfG_rWSSAJ-zcSsxpkr9ukAp7PE5kyqo4uWHY\",\"inLanguage\":\"es\",\"potentialAction\":[{\"@type\":\"CommentAction\",\"name\":\"Comment\",\"target\":[\"https:\\\/\\\/www.amis-de-compostelle.fr\\\/es\\\/julio-del-presidente-dos-anos-santos\\\/#respond\"]}]},{\"@type\":\"WebPage\",\"@id\":\"https:\\\/\\\/www.amis-de-compostelle.fr\\\/es\\\/julio-del-presidente-dos-anos-santos\\\/\",\"url\":\"https:\\\/\\\/www.amis-de-compostelle.fr\\\/es\\\/julio-del-presidente-dos-anos-santos\\\/\",\"name\":\"Julio - Del Presidente - Dos a\u00f1os santos &#060; Soci\u00e9t\u00e9 Fran\u00e7aise des Amis de Saint-Jacques de Compostelle\",\"isPartOf\":{\"@id\":\"https:\\\/\\\/www.amis-de-compostelle.fr\\\/es\\\/#website\"},\"primaryImageOfPage\":{\"@id\":\"https:\\\/\\\/www.amis-de-compostelle.fr\\\/es\\\/julio-del-presidente-dos-anos-santos\\\/#primaryimage\"},\"image\":{\"@id\":\"https:\\\/\\\/www.amis-de-compostelle.fr\\\/es\\\/julio-del-presidente-dos-anos-santos\\\/#primaryimage\"},\"thumbnailUrl\":\"https:\\\/\\\/ci6.googleusercontent.com\\\/proxy\\\/shqXvk6RAC1dMe0k2kIdhhFQ465NKe_uZvEd2VRVzkq1AbettKMS6-AzIWXOuX0WS1h-FMkURvytr99VpBOD2zjpKYNxEHHGuU8Le40EI8CVkqoSCUSJgKa_hrN24QjbexTkVImm-Ks5XoVGh58N1uJgqLGnGXamNLp1HJVhuUo_Nd1VsPU0XDMI2_Vp7GBuJwxP-4DMZiORVQVekbkeAo1uaUpmoxaUCjYEBncafgcw4AAX4IEvHaxPJzLCxedB0NEEb_9Y2qSIASLnFakpMooyOVU58oVOzGY-J_jSQqg6PHBIFuwhsUNi83mmIPtwoAsLtywRgkKOODx14OfMT3aCulFHksVNIbXIXxMXBnWMYdY4bwbetI8DwCg4ijvwy1_WwUnFklLFtiXCqJPgxlrAjhgi2Z5tDZyyqFjK-M8RFjYQ=s0-d-e1-ft#https:\\\/\\\/37x0l.img.a.d.sendibm1.com\\\/im\\\/1989919\\\/15fd9f264001efa0668072cabf04073d203e1c628b776e87506daf3661b832d6.gif?e=EfSodYeFxJ5gGRNh1WpzPDSF_5tA4hG6DyxVjBC7sgzeZnMsxhk4HGTxLTqSni2hLrSbAWz4RFjmobhghPIJieoAd0MbAFa4kuvZHaEJXmWW0tgOPOGdwFwAQXPZfEsFq7td4tcBDcMSeSsL7YmdrnZfG_rWSSAJ-zcSsxpkr9ukAp7PE5kyqo4uWHY\",\"datePublished\":\"2021-07-20T09:27:05+00:00\",\"dateModified\":\"2025-06-26T11:29:26+00:00\",\"breadcrumb\":{\"@id\":\"https:\\\/\\\/www.amis-de-compostelle.fr\\\/es\\\/julio-del-presidente-dos-anos-santos\\\/#breadcrumb\"},\"inLanguage\":\"es\",\"potentialAction\":[{\"@type\":\"ReadAction\",\"target\":[\"https:\\\/\\\/www.amis-de-compostelle.fr\\\/es\\\/julio-del-presidente-dos-anos-santos\\\/\"]}]},{\"@type\":\"ImageObject\",\"inLanguage\":\"es\",\"@id\":\"https:\\\/\\\/www.amis-de-compostelle.fr\\\/es\\\/julio-del-presidente-dos-anos-santos\\\/#primaryimage\",\"url\":\"https:\\\/\\\/ci6.googleusercontent.com\\\/proxy\\\/shqXvk6RAC1dMe0k2kIdhhFQ465NKe_uZvEd2VRVzkq1AbettKMS6-AzIWXOuX0WS1h-FMkURvytr99VpBOD2zjpKYNxEHHGuU8Le40EI8CVkqoSCUSJgKa_hrN24QjbexTkVImm-Ks5XoVGh58N1uJgqLGnGXamNLp1HJVhuUo_Nd1VsPU0XDMI2_Vp7GBuJwxP-4DMZiORVQVekbkeAo1uaUpmoxaUCjYEBncafgcw4AAX4IEvHaxPJzLCxedB0NEEb_9Y2qSIASLnFakpMooyOVU58oVOzGY-J_jSQqg6PHBIFuwhsUNi83mmIPtwoAsLtywRgkKOODx14OfMT3aCulFHksVNIbXIXxMXBnWMYdY4bwbetI8DwCg4ijvwy1_WwUnFklLFtiXCqJPgxlrAjhgi2Z5tDZyyqFjK-M8RFjYQ=s0-d-e1-ft#https:\\\/\\\/37x0l.img.a.d.sendibm1.com\\\/im\\\/1989919\\\/15fd9f264001efa0668072cabf04073d203e1c628b776e87506daf3661b832d6.gif?e=EfSodYeFxJ5gGRNh1WpzPDSF_5tA4hG6DyxVjBC7sgzeZnMsxhk4HGTxLTqSni2hLrSbAWz4RFjmobhghPIJieoAd0MbAFa4kuvZHaEJXmWW0tgOPOGdwFwAQXPZfEsFq7td4tcBDcMSeSsL7YmdrnZfG_rWSSAJ-zcSsxpkr9ukAp7PE5kyqo4uWHY\",\"contentUrl\":\"https:\\\/\\\/ci6.googleusercontent.com\\\/proxy\\\/shqXvk6RAC1dMe0k2kIdhhFQ465NKe_uZvEd2VRVzkq1AbettKMS6-AzIWXOuX0WS1h-FMkURvytr99VpBOD2zjpKYNxEHHGuU8Le40EI8CVkqoSCUSJgKa_hrN24QjbexTkVImm-Ks5XoVGh58N1uJgqLGnGXamNLp1HJVhuUo_Nd1VsPU0XDMI2_Vp7GBuJwxP-4DMZiORVQVekbkeAo1uaUpmoxaUCjYEBncafgcw4AAX4IEvHaxPJzLCxedB0NEEb_9Y2qSIASLnFakpMooyOVU58oVOzGY-J_jSQqg6PHBIFuwhsUNi83mmIPtwoAsLtywRgkKOODx14OfMT3aCulFHksVNIbXIXxMXBnWMYdY4bwbetI8DwCg4ijvwy1_WwUnFklLFtiXCqJPgxlrAjhgi2Z5tDZyyqFjK-M8RFjYQ=s0-d-e1-ft#https:\\\/\\\/37x0l.img.a.d.sendibm1.com\\\/im\\\/1989919\\\/15fd9f264001efa0668072cabf04073d203e1c628b776e87506daf3661b832d6.gif?e=EfSodYeFxJ5gGRNh1WpzPDSF_5tA4hG6DyxVjBC7sgzeZnMsxhk4HGTxLTqSni2hLrSbAWz4RFjmobhghPIJieoAd0MbAFa4kuvZHaEJXmWW0tgOPOGdwFwAQXPZfEsFq7td4tcBDcMSeSsL7YmdrnZfG_rWSSAJ-zcSsxpkr9ukAp7PE5kyqo4uWHY\"},{\"@type\":\"BreadcrumbList\",\"@id\":\"https:\\\/\\\/www.amis-de-compostelle.fr\\\/es\\\/julio-del-presidente-dos-anos-santos\\\/#breadcrumb\",\"itemListElement\":[{\"@type\":\"ListItem\",\"position\":1,\"name\":\"Accueil\",\"item\":\"https:\\\/\\\/www.amis-de-compostelle.fr\\\/es\\\/\"},{\"@type\":\"ListItem\",\"position\":2,\"name\":\"Julio &#8211; Del Presidente &#8211; Dos a\u00f1os santos\"}]},{\"@type\":\"WebSite\",\"@id\":\"https:\\\/\\\/www.amis-de-compostelle.fr\\\/es\\\/#website\",\"url\":\"https:\\\/\\\/www.amis-de-compostelle.fr\\\/es\\\/\",\"name\":\"Soci\u00e9t\u00e9 Fran\u00e7aise des Amis de Saint-Jacques de Compostelle\",\"description\":\"La plus ancienne de toutes les associations jacquaires \u2013 depuis 1950\",\"publisher\":{\"@id\":\"https:\\\/\\\/www.amis-de-compostelle.fr\\\/es\\\/#organization\"},\"potentialAction\":[{\"@type\":\"SearchAction\",\"target\":{\"@type\":\"EntryPoint\",\"urlTemplate\":\"https:\\\/\\\/www.amis-de-compostelle.fr\\\/es\\\/?s={search_term_string}\"},\"query-input\":{\"@type\":\"PropertyValueSpecification\",\"valueRequired\":true,\"valueName\":\"search_term_string\"}}],\"inLanguage\":\"es\"},{\"@type\":\"Organization\",\"@id\":\"https:\\\/\\\/www.amis-de-compostelle.fr\\\/es\\\/#organization\",\"name\":\"SOCIETE FRANCAISE DES AMIS DE SAINT-JACQUES DE COMPOSTELLE\",\"url\":\"https:\\\/\\\/www.amis-de-compostelle.fr\\\/es\\\/\",\"logo\":{\"@type\":\"ImageObject\",\"inLanguage\":\"es\",\"@id\":\"https:\\\/\\\/www.amis-de-compostelle.fr\\\/es\\\/#\\\/schema\\\/logo\\\/image\\\/\",\"url\":\"https:\\\/\\\/www.amis-de-compostelle.fr\\\/wp-content\\\/uploads\\\/2021\\\/02\\\/cropped-SFASJ-logo.png\",\"contentUrl\":\"https:\\\/\\\/www.amis-de-compostelle.fr\\\/wp-content\\\/uploads\\\/2021\\\/02\\\/cropped-SFASJ-logo.png\",\"width\":512,\"height\":512,\"caption\":\"SOCIETE FRANCAISE DES AMIS DE SAINT-JACQUES DE COMPOSTELLE\"},\"image\":{\"@id\":\"https:\\\/\\\/www.amis-de-compostelle.fr\\\/es\\\/#\\\/schema\\\/logo\\\/image\\\/\"}},{\"@type\":\"Person\",\"@id\":\"https:\\\/\\\/www.amis-de-compostelle.fr\\\/es\\\/#\\\/schema\\\/person\\\/4422ec25f17ad467851c5e2198144b33\",\"name\":\"compostelle.asso\",\"image\":{\"@type\":\"ImageObject\",\"inLanguage\":\"es\",\"@id\":\"https:\\\/\\\/secure.gravatar.com\\\/avatar\\\/528001642e6b9844bb7fd442955a7b1479326dfc8a07444915cf44039b27c84f?s=96&d=mm&r=g\",\"url\":\"https:\\\/\\\/secure.gravatar.com\\\/avatar\\\/528001642e6b9844bb7fd442955a7b1479326dfc8a07444915cf44039b27c84f?s=96&d=mm&r=g\",\"contentUrl\":\"https:\\\/\\\/secure.gravatar.com\\\/avatar\\\/528001642e6b9844bb7fd442955a7b1479326dfc8a07444915cf44039b27c84f?s=96&d=mm&r=g\",\"caption\":\"compostelle.asso\"}}]}<\/script>\n<!-- \/ Yoast SEO plugin. -->","yoast_head_json":{"title":"Julio - Del Presidente - Dos a\u00f1os santos &#060; Soci\u00e9t\u00e9 Fran\u00e7aise des Amis de Saint-Jacques de Compostelle","robots":{"index":"index","follow":"follow","max-snippet":"max-snippet:-1","max-image-preview":"max-image-preview:large","max-video-preview":"max-video-preview:-1"},"canonical":"https:\/\/www.amis-de-compostelle.fr\/es\/julio-del-presidente-dos-anos-santos\/","og_locale":"es_ES","og_type":"article","og_title":"Julio - Del Presidente - Dos a\u00f1os santos &#060; Soci\u00e9t\u00e9 Fran\u00e7aise des Amis de Saint-Jacques de Compostelle","og_url":"https:\/\/www.amis-de-compostelle.fr\/es\/julio-del-presidente-dos-anos-santos\/","og_site_name":"Soci\u00e9t\u00e9 Fran\u00e7aise des Amis de Saint-Jacques de Compostelle","article_published_time":"2021-07-20T09:27:05+00:00","article_modified_time":"2025-06-26T11:29:26+00:00","og_image":[{"url":"https:\/\/ci6.googleusercontent.com\/proxy\/shqXvk6RAC1dMe0k2kIdhhFQ465NKe_uZvEd2VRVzkq1AbettKMS6-AzIWXOuX0WS1h-FMkURvytr99VpBOD2zjpKYNxEHHGuU8Le40EI8CVkqoSCUSJgKa_hrN24QjbexTkVImm-Ks5XoVGh58N1uJgqLGnGXamNLp1HJVhuUo_Nd1VsPU0XDMI2_Vp7GBuJwxP-4DMZiORVQVekbkeAo1uaUpmoxaUCjYEBncafgcw4AAX4IEvHaxPJzLCxedB0NEEb_9Y2qSIASLnFakpMooyOVU58oVOzGY-J_jSQqg6PHBIFuwhsUNi83mmIPtwoAsLtywRgkKOODx14OfMT3aCulFHksVNIbXIXxMXBnWMYdY4bwbetI8DwCg4ijvwy1_WwUnFklLFtiXCqJPgxlrAjhgi2Z5tDZyyqFjK-M8RFjYQ=s0-d-e1-ft#https:\/\/37x0l.img.a.d.sendibm1.com\/im\/1989919\/15fd9f264001efa0668072cabf04073d203e1c628b776e87506daf3661b832d6.gif?e=EfSodYeFxJ5gGRNh1WpzPDSF_5tA4hG6DyxVjBC7sgzeZnMsxhk4HGTxLTqSni2hLrSbAWz4RFjmobhghPIJieoAd0MbAFa4kuvZHaEJXmWW0tgOPOGdwFwAQXPZfEsFq7td4tcBDcMSeSsL7YmdrnZfG_rWSSAJ-zcSsxpkr9ukAp7PE5kyqo4uWHY","type":"","width":"","height":""}],"author":"compostelle.asso","twitter_card":"summary_large_image","twitter_misc":{"Escrito por":"compostelle.asso","Tiempo de lectura":"1 minuto"},"schema":{"@context":"https:\/\/schema.org","@graph":[{"@type":"Article","@id":"https:\/\/www.amis-de-compostelle.fr\/es\/julio-del-presidente-dos-anos-santos\/#article","isPartOf":{"@id":"https:\/\/www.amis-de-compostelle.fr\/es\/julio-del-presidente-dos-anos-santos\/"},"author":{"name":"compostelle.asso","@id":"https:\/\/www.amis-de-compostelle.fr\/es\/#\/schema\/person\/4422ec25f17ad467851c5e2198144b33"},"headline":"Julio &#8211; Del Presidente &#8211; Dos a\u00f1os santos","datePublished":"2021-07-20T09:27:05+00:00","dateModified":"2025-06-26T11:29:26+00:00","mainEntityOfPage":{"@id":"https:\/\/www.amis-de-compostelle.fr\/es\/julio-del-presidente-dos-anos-santos\/"},"wordCount":232,"commentCount":0,"publisher":{"@id":"https:\/\/www.amis-de-compostelle.fr\/es\/#organization"},"image":{"@id":"https:\/\/www.amis-de-compostelle.fr\/es\/julio-del-presidente-dos-anos-santos\/#primaryimage"},"thumbnailUrl":"https:\/\/ci6.googleusercontent.com\/proxy\/shqXvk6RAC1dMe0k2kIdhhFQ465NKe_uZvEd2VRVzkq1AbettKMS6-AzIWXOuX0WS1h-FMkURvytr99VpBOD2zjpKYNxEHHGuU8Le40EI8CVkqoSCUSJgKa_hrN24QjbexTkVImm-Ks5XoVGh58N1uJgqLGnGXamNLp1HJVhuUo_Nd1VsPU0XDMI2_Vp7GBuJwxP-4DMZiORVQVekbkeAo1uaUpmoxaUCjYEBncafgcw4AAX4IEvHaxPJzLCxedB0NEEb_9Y2qSIASLnFakpMooyOVU58oVOzGY-J_jSQqg6PHBIFuwhsUNi83mmIPtwoAsLtywRgkKOODx14OfMT3aCulFHksVNIbXIXxMXBnWMYdY4bwbetI8DwCg4ijvwy1_WwUnFklLFtiXCqJPgxlrAjhgi2Z5tDZyyqFjK-M8RFjYQ=s0-d-e1-ft#https:\/\/37x0l.img.a.d.sendibm1.com\/im\/1989919\/15fd9f264001efa0668072cabf04073d203e1c628b776e87506daf3661b832d6.gif?e=EfSodYeFxJ5gGRNh1WpzPDSF_5tA4hG6DyxVjBC7sgzeZnMsxhk4HGTxLTqSni2hLrSbAWz4RFjmobhghPIJieoAd0MbAFa4kuvZHaEJXmWW0tgOPOGdwFwAQXPZfEsFq7td4tcBDcMSeSsL7YmdrnZfG_rWSSAJ-zcSsxpkr9ukAp7PE5kyqo4uWHY","inLanguage":"es","potentialAction":[{"@type":"CommentAction","name":"Comment","target":["https:\/\/www.amis-de-compostelle.fr\/es\/julio-del-presidente-dos-anos-santos\/#respond"]}]},{"@type":"WebPage","@id":"https:\/\/www.amis-de-compostelle.fr\/es\/julio-del-presidente-dos-anos-santos\/","url":"https:\/\/www.amis-de-compostelle.fr\/es\/julio-del-presidente-dos-anos-santos\/","name":"Julio - Del Presidente - Dos a\u00f1os santos &#060; Soci\u00e9t\u00e9 Fran\u00e7aise des Amis de Saint-Jacques de Compostelle","isPartOf":{"@id":"https:\/\/www.amis-de-compostelle.fr\/es\/#website"},"primaryImageOfPage":{"@id":"https:\/\/www.amis-de-compostelle.fr\/es\/julio-del-presidente-dos-anos-santos\/#primaryimage"},"image":{"@id":"https:\/\/www.amis-de-compostelle.fr\/es\/julio-del-presidente-dos-anos-santos\/#primaryimage"},"thumbnailUrl":"https:\/\/ci6.googleusercontent.com\/proxy\/shqXvk6RAC1dMe0k2kIdhhFQ465NKe_uZvEd2VRVzkq1AbettKMS6-AzIWXOuX0WS1h-FMkURvytr99VpBOD2zjpKYNxEHHGuU8Le40EI8CVkqoSCUSJgKa_hrN24QjbexTkVImm-Ks5XoVGh58N1uJgqLGnGXamNLp1HJVhuUo_Nd1VsPU0XDMI2_Vp7GBuJwxP-4DMZiORVQVekbkeAo1uaUpmoxaUCjYEBncafgcw4AAX4IEvHaxPJzLCxedB0NEEb_9Y2qSIASLnFakpMooyOVU58oVOzGY-J_jSQqg6PHBIFuwhsUNi83mmIPtwoAsLtywRgkKOODx14OfMT3aCulFHksVNIbXIXxMXBnWMYdY4bwbetI8DwCg4ijvwy1_WwUnFklLFtiXCqJPgxlrAjhgi2Z5tDZyyqFjK-M8RFjYQ=s0-d-e1-ft#https:\/\/37x0l.img.a.d.sendibm1.com\/im\/1989919\/15fd9f264001efa0668072cabf04073d203e1c628b776e87506daf3661b832d6.gif?e=EfSodYeFxJ5gGRNh1WpzPDSF_5tA4hG6DyxVjBC7sgzeZnMsxhk4HGTxLTqSni2hLrSbAWz4RFjmobhghPIJieoAd0MbAFa4kuvZHaEJXmWW0tgOPOGdwFwAQXPZfEsFq7td4tcBDcMSeSsL7YmdrnZfG_rWSSAJ-zcSsxpkr9ukAp7PE5kyqo4uWHY","datePublished":"2021-07-20T09:27:05+00:00","dateModified":"2025-06-26T11:29:26+00:00","breadcrumb":{"@id":"https:\/\/www.amis-de-compostelle.fr\/es\/julio-del-presidente-dos-anos-santos\/#breadcrumb"},"inLanguage":"es","potentialAction":[{"@type":"ReadAction","target":["https:\/\/www.amis-de-compostelle.fr\/es\/julio-del-presidente-dos-anos-santos\/"]}]},{"@type":"ImageObject","inLanguage":"es","@id":"https:\/\/www.amis-de-compostelle.fr\/es\/julio-del-presidente-dos-anos-santos\/#primaryimage","url":"https:\/\/ci6.googleusercontent.com\/proxy\/shqXvk6RAC1dMe0k2kIdhhFQ465NKe_uZvEd2VRVzkq1AbettKMS6-AzIWXOuX0WS1h-FMkURvytr99VpBOD2zjpKYNxEHHGuU8Le40EI8CVkqoSCUSJgKa_hrN24QjbexTkVImm-Ks5XoVGh58N1uJgqLGnGXamNLp1HJVhuUo_Nd1VsPU0XDMI2_Vp7GBuJwxP-4DMZiORVQVekbkeAo1uaUpmoxaUCjYEBncafgcw4AAX4IEvHaxPJzLCxedB0NEEb_9Y2qSIASLnFakpMooyOVU58oVOzGY-J_jSQqg6PHBIFuwhsUNi83mmIPtwoAsLtywRgkKOODx14OfMT3aCulFHksVNIbXIXxMXBnWMYdY4bwbetI8DwCg4ijvwy1_WwUnFklLFtiXCqJPgxlrAjhgi2Z5tDZyyqFjK-M8RFjYQ=s0-d-e1-ft#https:\/\/37x0l.img.a.d.sendibm1.com\/im\/1989919\/15fd9f264001efa0668072cabf04073d203e1c628b776e87506daf3661b832d6.gif?e=EfSodYeFxJ5gGRNh1WpzPDSF_5tA4hG6DyxVjBC7sgzeZnMsxhk4HGTxLTqSni2hLrSbAWz4RFjmobhghPIJieoAd0MbAFa4kuvZHaEJXmWW0tgOPOGdwFwAQXPZfEsFq7td4tcBDcMSeSsL7YmdrnZfG_rWSSAJ-zcSsxpkr9ukAp7PE5kyqo4uWHY","contentUrl":"https:\/\/ci6.googleusercontent.com\/proxy\/shqXvk6RAC1dMe0k2kIdhhFQ465NKe_uZvEd2VRVzkq1AbettKMS6-AzIWXOuX0WS1h-FMkURvytr99VpBOD2zjpKYNxEHHGuU8Le40EI8CVkqoSCUSJgKa_hrN24QjbexTkVImm-Ks5XoVGh58N1uJgqLGnGXamNLp1HJVhuUo_Nd1VsPU0XDMI2_Vp7GBuJwxP-4DMZiORVQVekbkeAo1uaUpmoxaUCjYEBncafgcw4AAX4IEvHaxPJzLCxedB0NEEb_9Y2qSIASLnFakpMooyOVU58oVOzGY-J_jSQqg6PHBIFuwhsUNi83mmIPtwoAsLtywRgkKOODx14OfMT3aCulFHksVNIbXIXxMXBnWMYdY4bwbetI8DwCg4ijvwy1_WwUnFklLFtiXCqJPgxlrAjhgi2Z5tDZyyqFjK-M8RFjYQ=s0-d-e1-ft#https:\/\/37x0l.img.a.d.sendibm1.com\/im\/1989919\/15fd9f264001efa0668072cabf04073d203e1c628b776e87506daf3661b832d6.gif?e=EfSodYeFxJ5gGRNh1WpzPDSF_5tA4hG6DyxVjBC7sgzeZnMsxhk4HGTxLTqSni2hLrSbAWz4RFjmobhghPIJieoAd0MbAFa4kuvZHaEJXmWW0tgOPOGdwFwAQXPZfEsFq7td4tcBDcMSeSsL7YmdrnZfG_rWSSAJ-zcSsxpkr9ukAp7PE5kyqo4uWHY"},{"@type":"BreadcrumbList","@id":"https:\/\/www.amis-de-compostelle.fr\/es\/julio-del-presidente-dos-anos-santos\/#breadcrumb","itemListElement":[{"@type":"ListItem","position":1,"name":"Accueil","item":"https:\/\/www.amis-de-compostelle.fr\/es\/"},{"@type":"ListItem","position":2,"name":"Julio &#8211; Del Presidente &#8211; Dos a\u00f1os santos"}]},{"@type":"WebSite","@id":"https:\/\/www.amis-de-compostelle.fr\/es\/#website","url":"https:\/\/www.amis-de-compostelle.fr\/es\/","name":"Soci\u00e9t\u00e9 Fran\u00e7aise des Amis de Saint-Jacques de Compostelle","description":"La plus ancienne de toutes les associations jacquaires \u2013 depuis 1950","publisher":{"@id":"https:\/\/www.amis-de-compostelle.fr\/es\/#organization"},"potentialAction":[{"@type":"SearchAction","target":{"@type":"EntryPoint","urlTemplate":"https:\/\/www.amis-de-compostelle.fr\/es\/?s={search_term_string}"},"query-input":{"@type":"PropertyValueSpecification","valueRequired":true,"valueName":"search_term_string"}}],"inLanguage":"es"},{"@type":"Organization","@id":"https:\/\/www.amis-de-compostelle.fr\/es\/#organization","name":"SOCIETE FRANCAISE DES AMIS DE SAINT-JACQUES DE COMPOSTELLE","url":"https:\/\/www.amis-de-compostelle.fr\/es\/","logo":{"@type":"ImageObject","inLanguage":"es","@id":"https:\/\/www.amis-de-compostelle.fr\/es\/#\/schema\/logo\/image\/","url":"https:\/\/www.amis-de-compostelle.fr\/wp-content\/uploads\/2021\/02\/cropped-SFASJ-logo.png","contentUrl":"https:\/\/www.amis-de-compostelle.fr\/wp-content\/uploads\/2021\/02\/cropped-SFASJ-logo.png","width":512,"height":512,"caption":"SOCIETE FRANCAISE DES AMIS DE SAINT-JACQUES DE COMPOSTELLE"},"image":{"@id":"https:\/\/www.amis-de-compostelle.fr\/es\/#\/schema\/logo\/image\/"}},{"@type":"Person","@id":"https:\/\/www.amis-de-compostelle.fr\/es\/#\/schema\/person\/4422ec25f17ad467851c5e2198144b33","name":"compostelle.asso","image":{"@type":"ImageObject","inLanguage":"es","@id":"https:\/\/secure.gravatar.com\/avatar\/528001642e6b9844bb7fd442955a7b1479326dfc8a07444915cf44039b27c84f?s=96&d=mm&r=g","url":"https:\/\/secure.gravatar.com\/avatar\/528001642e6b9844bb7fd442955a7b1479326dfc8a07444915cf44039b27c84f?s=96&d=mm&r=g","contentUrl":"https:\/\/secure.gravatar.com\/avatar\/528001642e6b9844bb7fd442955a7b1479326dfc8a07444915cf44039b27c84f?s=96&d=mm&r=g","caption":"compostelle.asso"}}]}},"_links":{"self":[{"href":"https:\/\/www.amis-de-compostelle.fr\/es\/wp-json\/wp\/v2\/posts\/8544","targetHints":{"allow":["GET"]}}],"collection":[{"href":"https:\/\/www.amis-de-compostelle.fr\/es\/wp-json\/wp\/v2\/posts"}],"about":[{"href":"https:\/\/www.amis-de-compostelle.fr\/es\/wp-json\/wp\/v2\/types\/post"}],"author":[{"embeddable":true,"href":"https:\/\/www.amis-de-compostelle.fr\/es\/wp-json\/wp\/v2\/users\/4"}],"replies":[{"embeddable":true,"href":"https:\/\/www.amis-de-compostelle.fr\/es\/wp-json\/wp\/v2\/comments?post=8544"}],"version-history":[{"count":1,"href":"https:\/\/www.amis-de-compostelle.fr\/es\/wp-json\/wp\/v2\/posts\/8544\/revisions"}],"predecessor-version":[{"id":8546,"href":"https:\/\/www.amis-de-compostelle.fr\/es\/wp-json\/wp\/v2\/posts\/8544\/revisions\/8546"}],"wp:attachment":[{"href":"https:\/\/www.amis-de-compostelle.fr\/es\/wp-json\/wp\/v2\/media?parent=8544"}],"wp:term":[{"taxonomy":"category","embeddable":true,"href":"https:\/\/www.amis-de-compostelle.fr\/es\/wp-json\/wp\/v2\/categories?post=8544"},{"taxonomy":"post_tag","embeddable":true,"href":"https:\/\/www.amis-de-compostelle.fr\/es\/wp-json\/wp\/v2\/tags?post=8544"}],"curies":[{"name":"wp","href":"https:\/\/api.w.org\/{rel}","templated":true}]}}