{"id":8558,"date":"2021-02-09T10:02:00","date_gmt":"2021-02-09T09:02:00","guid":{"rendered":"https:\/\/www.amis-de-compostelle.fr\/restauracion-de-la-placa-conmemorativa-de-la-tour-saint-jacques\/"},"modified":"2025-06-26T13:29:30","modified_gmt":"2025-06-26T11:29:30","slug":"restauracion-de-la-placa-conmemorativa-de-la-tour-saint-jacques","status":"publish","type":"post","link":"https:\/\/www.amis-de-compostelle.fr\/es\/restauracion-de-la-placa-conmemorativa-de-la-tour-saint-jacques\/","title":{"rendered":"Restauraci\u00f3n de la placa conmemorativa de la Tour Saint-Jacques"},"content":{"rendered":"","protected":false},"excerpt":{"rendered":"<p><!-- wp:paragraph --><\/p>\n<p>A petici\u00f3n de Patrice Bernard, Presidente de la Soci\u00e9t\u00e9 fran\u00e7aise des Amis de Saint-Jacques de Compostelle (Sociedad francesa de Amigos de Santiago de Compostela), los servicios del Ayuntamiento de Par\u00eds han renovado la placa colocada en la Tour Saint-Jacques de Par\u00eds en 1965 por iniciativa de Ren\u00e9 de La Coste-Messeli\u00e8re.<\/p>\n<p><!-- \/wp:paragraph --><\/p>\n<p><!-- wp:paragraph --><\/p>\n<p>Se celebrar\u00e1 una ceremonia de inauguraci\u00f3n en presencia del Embajador de Espa\u00f1a, en una fecha a\u00fan por fijar.&nbsp;<\/p>\n<p><!-- \/wp:paragraph --><\/p>\n","protected":false},"author":1,"featured_media":6042,"comment_status":"open","ping_status":"open","sticky":false,"template":"","format":"standard","meta":{"_acf_changed":false,"inline_featured_image":false,"_EventAllDay":false,"_EventTimezone":"","_EventStartDate":"","_EventEndDate":"","_EventStartDateUTC":"","_EventEndDateUTC":"","_EventShowMap":false,"_EventShowMapLink":false,"_EventURL":"","_EventCost":"","_EventCostDescription":"","_EventCurrencySymbol":"","_EventCurrencyCode":"","_EventCurrencyPosition":"","_EventDateTimeSeparator":"","_EventTimeRangeSeparator":"","_EventOrganizerID":[],"_EventVenueID":[],"_OrganizerEmail":"","_OrganizerPhone":"","_OrganizerWebsite":"","_VenueAddress":"","_VenueCity":"","_VenueCountry":"","_VenueProvince":"","_VenueState":"","_VenueZip":"","_VenuePhone":"","_VenueURL":"","_VenueStateProvince":"","_VenueLat":"","_VenueLng":"","_VenueShowMap":false,"_VenueShowMapLink":false,"footnotes":""},"categories":[33],"tags":[],"class_list":["post-8558","post","type-post","status-publish","format-standard","has-post-thumbnail","hentry","category-sin-categoria"],"acf":[],"yoast_head":"<!-- This site is optimized with the Yoast SEO plugin v27.5 - https:\/\/yoast.com\/product\/yoast-seo-wordpress\/ -->\n<title>Restauraci\u00f3n de la placa conmemorativa de la Tour Saint-Jacques &#060; Soci\u00e9t\u00e9 Fran\u00e7aise des Amis de Saint-Jacques de Compostelle<\/title>\n<meta name=\"robots\" content=\"index, follow, max-snippet:-1, max-image-preview:large, max-video-preview:-1\" \/>\n<link rel=\"canonical\" href=\"https:\/\/www.amis-de-compostelle.fr\/es\/restauracion-de-la-placa-conmemorativa-de-la-tour-saint-jacques\/\" \/>\n<meta property=\"og:locale\" content=\"es_ES\" \/>\n<meta property=\"og:type\" content=\"article\" \/>\n<meta property=\"og:title\" content=\"Restauraci\u00f3n de la placa conmemorativa de la Tour Saint-Jacques &#060; Soci\u00e9t\u00e9 Fran\u00e7aise des Amis de Saint-Jacques de Compostelle\" \/>\n<meta property=\"og:description\" content=\"A petici\u00f3n de Patrice Bernard, Presidente de la Soci\u00e9t\u00e9 fran\u00e7aise des Amis de Saint-Jacques de Compostelle (Sociedad francesa de Amigos de Santiago de Compostela), los servicios del Ayuntamiento de Par\u00eds han renovado la placa colocada en la Tour Saint-Jacques de Par\u00eds en 1965 por iniciativa de Ren\u00e9 de La Coste-Messeli\u00e8re.  Se celebrar\u00e1 una ceremonia de inauguraci\u00f3n en presencia del Embajador de Espa\u00f1a, en una fecha a\u00fan por fijar.&nbsp;\" \/>\n<meta property=\"og:url\" content=\"https:\/\/www.amis-de-compostelle.fr\/es\/restauracion-de-la-placa-conmemorativa-de-la-tour-saint-jacques\/\" \/>\n<meta property=\"og:site_name\" content=\"Soci\u00e9t\u00e9 Fran\u00e7aise des Amis de Saint-Jacques de Compostelle\" \/>\n<meta property=\"article:published_time\" content=\"2021-02-09T09:02:00+00:00\" \/>\n<meta property=\"article:modified_time\" content=\"2025-06-26T11:29:30+00:00\" \/>\n<meta name=\"author\" content=\"theo\" \/>\n<meta name=\"twitter:card\" content=\"summary_large_image\" \/>\n<meta name=\"twitter:label1\" content=\"Escrito por\" \/>\n\t<meta name=\"twitter:data1\" content=\"theo\" \/>\n<script type=\"application\/ld+json\" class=\"yoast-schema-graph\">{\"@context\":\"https:\\\/\\\/schema.org\",\"@graph\":[{\"@type\":\"Article\",\"@id\":\"https:\\\/\\\/www.amis-de-compostelle.fr\\\/es\\\/restauracion-de-la-placa-conmemorativa-de-la-tour-saint-jacques\\\/#article\",\"isPartOf\":{\"@id\":\"https:\\\/\\\/www.amis-de-compostelle.fr\\\/es\\\/restauracion-de-la-placa-conmemorativa-de-la-tour-saint-jacques\\\/\"},\"author\":{\"name\":\"theo\",\"@id\":\"https:\\\/\\\/www.amis-de-compostelle.fr\\\/es\\\/#\\\/schema\\\/person\\\/af58290ccf23e46e51b571edec83c579\"},\"headline\":\"Restauraci\u00f3n de la placa conmemorativa de la Tour Saint-Jacques\",\"datePublished\":\"2021-02-09T09:02:00+00:00\",\"dateModified\":\"2025-06-26T11:29:30+00:00\",\"mainEntityOfPage\":{\"@id\":\"https:\\\/\\\/www.amis-de-compostelle.fr\\\/es\\\/restauracion-de-la-placa-conmemorativa-de-la-tour-saint-jacques\\\/\"},\"wordCount\":84,\"commentCount\":0,\"publisher\":{\"@id\":\"https:\\\/\\\/www.amis-de-compostelle.fr\\\/es\\\/#organization\"},\"image\":{\"@id\":\"https:\\\/\\\/www.amis-de-compostelle.fr\\\/es\\\/restauracion-de-la-placa-conmemorativa-de-la-tour-saint-jacques\\\/#primaryimage\"},\"thumbnailUrl\":\"https:\\\/\\\/www.amis-de-compostelle.fr\\\/wp-content\\\/uploads\\\/2021\\\/02\\\/velizar-ivanov-rXB9YjOQX8I-unsplash.svg\",\"inLanguage\":\"es\",\"potentialAction\":[{\"@type\":\"CommentAction\",\"name\":\"Comment\",\"target\":[\"https:\\\/\\\/www.amis-de-compostelle.fr\\\/es\\\/restauracion-de-la-placa-conmemorativa-de-la-tour-saint-jacques\\\/#respond\"]}]},{\"@type\":\"WebPage\",\"@id\":\"https:\\\/\\\/www.amis-de-compostelle.fr\\\/es\\\/restauracion-de-la-placa-conmemorativa-de-la-tour-saint-jacques\\\/\",\"url\":\"https:\\\/\\\/www.amis-de-compostelle.fr\\\/es\\\/restauracion-de-la-placa-conmemorativa-de-la-tour-saint-jacques\\\/\",\"name\":\"Restauraci\u00f3n de la placa conmemorativa de la Tour Saint-Jacques &#060; Soci\u00e9t\u00e9 Fran\u00e7aise des Amis de Saint-Jacques de Compostelle\",\"isPartOf\":{\"@id\":\"https:\\\/\\\/www.amis-de-compostelle.fr\\\/es\\\/#website\"},\"primaryImageOfPage\":{\"@id\":\"https:\\\/\\\/www.amis-de-compostelle.fr\\\/es\\\/restauracion-de-la-placa-conmemorativa-de-la-tour-saint-jacques\\\/#primaryimage\"},\"image\":{\"@id\":\"https:\\\/\\\/www.amis-de-compostelle.fr\\\/es\\\/restauracion-de-la-placa-conmemorativa-de-la-tour-saint-jacques\\\/#primaryimage\"},\"thumbnailUrl\":\"https:\\\/\\\/www.amis-de-compostelle.fr\\\/wp-content\\\/uploads\\\/2021\\\/02\\\/velizar-ivanov-rXB9YjOQX8I-unsplash.svg\",\"datePublished\":\"2021-02-09T09:02:00+00:00\",\"dateModified\":\"2025-06-26T11:29:30+00:00\",\"breadcrumb\":{\"@id\":\"https:\\\/\\\/www.amis-de-compostelle.fr\\\/es\\\/restauracion-de-la-placa-conmemorativa-de-la-tour-saint-jacques\\\/#breadcrumb\"},\"inLanguage\":\"es\",\"potentialAction\":[{\"@type\":\"ReadAction\",\"target\":[\"https:\\\/\\\/www.amis-de-compostelle.fr\\\/es\\\/restauracion-de-la-placa-conmemorativa-de-la-tour-saint-jacques\\\/\"]}]},{\"@type\":\"ImageObject\",\"inLanguage\":\"es\",\"@id\":\"https:\\\/\\\/www.amis-de-compostelle.fr\\\/es\\\/restauracion-de-la-placa-conmemorativa-de-la-tour-saint-jacques\\\/#primaryimage\",\"url\":\"https:\\\/\\\/www.amis-de-compostelle.fr\\\/wp-content\\\/uploads\\\/2021\\\/02\\\/velizar-ivanov-rXB9YjOQX8I-unsplash.svg\",\"contentUrl\":\"https:\\\/\\\/www.amis-de-compostelle.fr\\\/wp-content\\\/uploads\\\/2021\\\/02\\\/velizar-ivanov-rXB9YjOQX8I-unsplash.svg\",\"width\":326,\"height\":191},{\"@type\":\"BreadcrumbList\",\"@id\":\"https:\\\/\\\/www.amis-de-compostelle.fr\\\/es\\\/restauracion-de-la-placa-conmemorativa-de-la-tour-saint-jacques\\\/#breadcrumb\",\"itemListElement\":[{\"@type\":\"ListItem\",\"position\":1,\"name\":\"Accueil\",\"item\":\"https:\\\/\\\/www.amis-de-compostelle.fr\\\/es\\\/\"},{\"@type\":\"ListItem\",\"position\":2,\"name\":\"Restauraci\u00f3n de la placa conmemorativa de la Tour Saint-Jacques\"}]},{\"@type\":\"WebSite\",\"@id\":\"https:\\\/\\\/www.amis-de-compostelle.fr\\\/es\\\/#website\",\"url\":\"https:\\\/\\\/www.amis-de-compostelle.fr\\\/es\\\/\",\"name\":\"Soci\u00e9t\u00e9 Fran\u00e7aise des Amis de Saint-Jacques de Compostelle\",\"description\":\"La plus ancienne de toutes les associations jacquaires \u2013 depuis 1950\",\"publisher\":{\"@id\":\"https:\\\/\\\/www.amis-de-compostelle.fr\\\/es\\\/#organization\"},\"potentialAction\":[{\"@type\":\"SearchAction\",\"target\":{\"@type\":\"EntryPoint\",\"urlTemplate\":\"https:\\\/\\\/www.amis-de-compostelle.fr\\\/es\\\/?s={search_term_string}\"},\"query-input\":{\"@type\":\"PropertyValueSpecification\",\"valueRequired\":true,\"valueName\":\"search_term_string\"}}],\"inLanguage\":\"es\"},{\"@type\":\"Organization\",\"@id\":\"https:\\\/\\\/www.amis-de-compostelle.fr\\\/es\\\/#organization\",\"name\":\"SOCIETE FRANCAISE DES AMIS DE SAINT-JACQUES DE COMPOSTELLE\",\"url\":\"https:\\\/\\\/www.amis-de-compostelle.fr\\\/es\\\/\",\"logo\":{\"@type\":\"ImageObject\",\"inLanguage\":\"es\",\"@id\":\"https:\\\/\\\/www.amis-de-compostelle.fr\\\/es\\\/#\\\/schema\\\/logo\\\/image\\\/\",\"url\":\"https:\\\/\\\/www.amis-de-compostelle.fr\\\/wp-content\\\/uploads\\\/2021\\\/02\\\/cropped-SFASJ-logo.png\",\"contentUrl\":\"https:\\\/\\\/www.amis-de-compostelle.fr\\\/wp-content\\\/uploads\\\/2021\\\/02\\\/cropped-SFASJ-logo.png\",\"width\":512,\"height\":512,\"caption\":\"SOCIETE FRANCAISE DES AMIS DE SAINT-JACQUES DE COMPOSTELLE\"},\"image\":{\"@id\":\"https:\\\/\\\/www.amis-de-compostelle.fr\\\/es\\\/#\\\/schema\\\/logo\\\/image\\\/\"}},{\"@type\":\"Person\",\"@id\":\"https:\\\/\\\/www.amis-de-compostelle.fr\\\/es\\\/#\\\/schema\\\/person\\\/af58290ccf23e46e51b571edec83c579\",\"name\":\"theo\",\"image\":{\"@type\":\"ImageObject\",\"inLanguage\":\"es\",\"@id\":\"https:\\\/\\\/secure.gravatar.com\\\/avatar\\\/405f543f787aaba2d601af308a7302307156ee0f040bc2b2513da2b7ae71c456?s=96&d=mm&r=g\",\"url\":\"https:\\\/\\\/secure.gravatar.com\\\/avatar\\\/405f543f787aaba2d601af308a7302307156ee0f040bc2b2513da2b7ae71c456?s=96&d=mm&r=g\",\"contentUrl\":\"https:\\\/\\\/secure.gravatar.com\\\/avatar\\\/405f543f787aaba2d601af308a7302307156ee0f040bc2b2513da2b7ae71c456?s=96&d=mm&r=g\",\"caption\":\"theo\"},\"sameAs\":[\"https:\\\/\\\/www.amis-de-compostelle.fr\"]}]}<\/script>\n<!-- \/ Yoast SEO plugin. -->","yoast_head_json":{"title":"Restauraci\u00f3n de la placa conmemorativa de la Tour Saint-Jacques &#060; Soci\u00e9t\u00e9 Fran\u00e7aise des Amis de Saint-Jacques de Compostelle","robots":{"index":"index","follow":"follow","max-snippet":"max-snippet:-1","max-image-preview":"max-image-preview:large","max-video-preview":"max-video-preview:-1"},"canonical":"https:\/\/www.amis-de-compostelle.fr\/es\/restauracion-de-la-placa-conmemorativa-de-la-tour-saint-jacques\/","og_locale":"es_ES","og_type":"article","og_title":"Restauraci\u00f3n de la placa conmemorativa de la Tour Saint-Jacques &#060; Soci\u00e9t\u00e9 Fran\u00e7aise des Amis de Saint-Jacques de Compostelle","og_description":"A petici\u00f3n de Patrice Bernard, Presidente de la Soci\u00e9t\u00e9 fran\u00e7aise des Amis de Saint-Jacques de Compostelle (Sociedad francesa de Amigos de Santiago de Compostela), los servicios del Ayuntamiento de Par\u00eds han renovado la placa colocada en la Tour Saint-Jacques de Par\u00eds en 1965 por iniciativa de Ren\u00e9 de La Coste-Messeli\u00e8re.  Se celebrar\u00e1 una ceremonia de inauguraci\u00f3n en presencia del Embajador de Espa\u00f1a, en una fecha a\u00fan por fijar.&nbsp;","og_url":"https:\/\/www.amis-de-compostelle.fr\/es\/restauracion-de-la-placa-conmemorativa-de-la-tour-saint-jacques\/","og_site_name":"Soci\u00e9t\u00e9 Fran\u00e7aise des Amis de Saint-Jacques de Compostelle","article_published_time":"2021-02-09T09:02:00+00:00","article_modified_time":"2025-06-26T11:29:30+00:00","author":"theo","twitter_card":"summary_large_image","twitter_misc":{"Escrito por":"theo"},"schema":{"@context":"https:\/\/schema.org","@graph":[{"@type":"Article","@id":"https:\/\/www.amis-de-compostelle.fr\/es\/restauracion-de-la-placa-conmemorativa-de-la-tour-saint-jacques\/#article","isPartOf":{"@id":"https:\/\/www.amis-de-compostelle.fr\/es\/restauracion-de-la-placa-conmemorativa-de-la-tour-saint-jacques\/"},"author":{"name":"theo","@id":"https:\/\/www.amis-de-compostelle.fr\/es\/#\/schema\/person\/af58290ccf23e46e51b571edec83c579"},"headline":"Restauraci\u00f3n de la placa conmemorativa de la Tour Saint-Jacques","datePublished":"2021-02-09T09:02:00+00:00","dateModified":"2025-06-26T11:29:30+00:00","mainEntityOfPage":{"@id":"https:\/\/www.amis-de-compostelle.fr\/es\/restauracion-de-la-placa-conmemorativa-de-la-tour-saint-jacques\/"},"wordCount":84,"commentCount":0,"publisher":{"@id":"https:\/\/www.amis-de-compostelle.fr\/es\/#organization"},"image":{"@id":"https:\/\/www.amis-de-compostelle.fr\/es\/restauracion-de-la-placa-conmemorativa-de-la-tour-saint-jacques\/#primaryimage"},"thumbnailUrl":"https:\/\/www.amis-de-compostelle.fr\/wp-content\/uploads\/2021\/02\/velizar-ivanov-rXB9YjOQX8I-unsplash.svg","inLanguage":"es","potentialAction":[{"@type":"CommentAction","name":"Comment","target":["https:\/\/www.amis-de-compostelle.fr\/es\/restauracion-de-la-placa-conmemorativa-de-la-tour-saint-jacques\/#respond"]}]},{"@type":"WebPage","@id":"https:\/\/www.amis-de-compostelle.fr\/es\/restauracion-de-la-placa-conmemorativa-de-la-tour-saint-jacques\/","url":"https:\/\/www.amis-de-compostelle.fr\/es\/restauracion-de-la-placa-conmemorativa-de-la-tour-saint-jacques\/","name":"Restauraci\u00f3n de la placa conmemorativa de la Tour Saint-Jacques &#060; Soci\u00e9t\u00e9 Fran\u00e7aise des Amis de Saint-Jacques de Compostelle","isPartOf":{"@id":"https:\/\/www.amis-de-compostelle.fr\/es\/#website"},"primaryImageOfPage":{"@id":"https:\/\/www.amis-de-compostelle.fr\/es\/restauracion-de-la-placa-conmemorativa-de-la-tour-saint-jacques\/#primaryimage"},"image":{"@id":"https:\/\/www.amis-de-compostelle.fr\/es\/restauracion-de-la-placa-conmemorativa-de-la-tour-saint-jacques\/#primaryimage"},"thumbnailUrl":"https:\/\/www.amis-de-compostelle.fr\/wp-content\/uploads\/2021\/02\/velizar-ivanov-rXB9YjOQX8I-unsplash.svg","datePublished":"2021-02-09T09:02:00+00:00","dateModified":"2025-06-26T11:29:30+00:00","breadcrumb":{"@id":"https:\/\/www.amis-de-compostelle.fr\/es\/restauracion-de-la-placa-conmemorativa-de-la-tour-saint-jacques\/#breadcrumb"},"inLanguage":"es","potentialAction":[{"@type":"ReadAction","target":["https:\/\/www.amis-de-compostelle.fr\/es\/restauracion-de-la-placa-conmemorativa-de-la-tour-saint-jacques\/"]}]},{"@type":"ImageObject","inLanguage":"es","@id":"https:\/\/www.amis-de-compostelle.fr\/es\/restauracion-de-la-placa-conmemorativa-de-la-tour-saint-jacques\/#primaryimage","url":"https:\/\/www.amis-de-compostelle.fr\/wp-content\/uploads\/2021\/02\/velizar-ivanov-rXB9YjOQX8I-unsplash.svg","contentUrl":"https:\/\/www.amis-de-compostelle.fr\/wp-content\/uploads\/2021\/02\/velizar-ivanov-rXB9YjOQX8I-unsplash.svg","width":326,"height":191},{"@type":"BreadcrumbList","@id":"https:\/\/www.amis-de-compostelle.fr\/es\/restauracion-de-la-placa-conmemorativa-de-la-tour-saint-jacques\/#breadcrumb","itemListElement":[{"@type":"ListItem","position":1,"name":"Accueil","item":"https:\/\/www.amis-de-compostelle.fr\/es\/"},{"@type":"ListItem","position":2,"name":"Restauraci\u00f3n de la placa conmemorativa de la Tour Saint-Jacques"}]},{"@type":"WebSite","@id":"https:\/\/www.amis-de-compostelle.fr\/es\/#website","url":"https:\/\/www.amis-de-compostelle.fr\/es\/","name":"Soci\u00e9t\u00e9 Fran\u00e7aise des Amis de Saint-Jacques de Compostelle","description":"La plus ancienne de toutes les associations jacquaires \u2013 depuis 1950","publisher":{"@id":"https:\/\/www.amis-de-compostelle.fr\/es\/#organization"},"potentialAction":[{"@type":"SearchAction","target":{"@type":"EntryPoint","urlTemplate":"https:\/\/www.amis-de-compostelle.fr\/es\/?s={search_term_string}"},"query-input":{"@type":"PropertyValueSpecification","valueRequired":true,"valueName":"search_term_string"}}],"inLanguage":"es"},{"@type":"Organization","@id":"https:\/\/www.amis-de-compostelle.fr\/es\/#organization","name":"SOCIETE FRANCAISE DES AMIS DE SAINT-JACQUES DE COMPOSTELLE","url":"https:\/\/www.amis-de-compostelle.fr\/es\/","logo":{"@type":"ImageObject","inLanguage":"es","@id":"https:\/\/www.amis-de-compostelle.fr\/es\/#\/schema\/logo\/image\/","url":"https:\/\/www.amis-de-compostelle.fr\/wp-content\/uploads\/2021\/02\/cropped-SFASJ-logo.png","contentUrl":"https:\/\/www.amis-de-compostelle.fr\/wp-content\/uploads\/2021\/02\/cropped-SFASJ-logo.png","width":512,"height":512,"caption":"SOCIETE FRANCAISE DES AMIS DE SAINT-JACQUES DE COMPOSTELLE"},"image":{"@id":"https:\/\/www.amis-de-compostelle.fr\/es\/#\/schema\/logo\/image\/"}},{"@type":"Person","@id":"https:\/\/www.amis-de-compostelle.fr\/es\/#\/schema\/person\/af58290ccf23e46e51b571edec83c579","name":"theo","image":{"@type":"ImageObject","inLanguage":"es","@id":"https:\/\/secure.gravatar.com\/avatar\/405f543f787aaba2d601af308a7302307156ee0f040bc2b2513da2b7ae71c456?s=96&d=mm&r=g","url":"https:\/\/secure.gravatar.com\/avatar\/405f543f787aaba2d601af308a7302307156ee0f040bc2b2513da2b7ae71c456?s=96&d=mm&r=g","contentUrl":"https:\/\/secure.gravatar.com\/avatar\/405f543f787aaba2d601af308a7302307156ee0f040bc2b2513da2b7ae71c456?s=96&d=mm&r=g","caption":"theo"},"sameAs":["https:\/\/www.amis-de-compostelle.fr"]}]}},"_links":{"self":[{"href":"https:\/\/www.amis-de-compostelle.fr\/es\/wp-json\/wp\/v2\/posts\/8558","targetHints":{"allow":["GET"]}}],"collection":[{"href":"https:\/\/www.amis-de-compostelle.fr\/es\/wp-json\/wp\/v2\/posts"}],"about":[{"href":"https:\/\/www.amis-de-compostelle.fr\/es\/wp-json\/wp\/v2\/types\/post"}],"author":[{"embeddable":true,"href":"https:\/\/www.amis-de-compostelle.fr\/es\/wp-json\/wp\/v2\/users\/1"}],"replies":[{"embeddable":true,"href":"https:\/\/www.amis-de-compostelle.fr\/es\/wp-json\/wp\/v2\/comments?post=8558"}],"version-history":[{"count":1,"href":"https:\/\/www.amis-de-compostelle.fr\/es\/wp-json\/wp\/v2\/posts\/8558\/revisions"}],"predecessor-version":[{"id":8559,"href":"https:\/\/www.amis-de-compostelle.fr\/es\/wp-json\/wp\/v2\/posts\/8558\/revisions\/8559"}],"wp:featuredmedia":[{"embeddable":true,"href":"https:\/\/www.amis-de-compostelle.fr\/es\/wp-json\/wp\/v2\/media\/6042"}],"wp:attachment":[{"href":"https:\/\/www.amis-de-compostelle.fr\/es\/wp-json\/wp\/v2\/media?parent=8558"}],"wp:term":[{"taxonomy":"category","embeddable":true,"href":"https:\/\/www.amis-de-compostelle.fr\/es\/wp-json\/wp\/v2\/categories?post=8558"},{"taxonomy":"post_tag","embeddable":true,"href":"https:\/\/www.amis-de-compostelle.fr\/es\/wp-json\/wp\/v2\/tags?post=8558"}],"curies":[{"name":"wp","href":"https:\/\/api.w.org\/{rel}","templated":true}]}}